{"id":55483,"date":"2015-11-26T14:29:06","date_gmt":"2015-11-26T17:29:06","guid":{"rendered":"http:\/\/www.elsindical.com.ar\/notas\/?p=55483"},"modified":"2015-11-26T14:29:06","modified_gmt":"2015-11-26T17:29:06","slug":"abogados-asistiran-gratis-a-victimas","status":"publish","type":"post","link":"https:\/\/www.elsindical.com.ar\/notas\/abogados-asistiran-gratis-a-victimas\/","title":{"rendered":"Abogados asistir\u00e1n gratis a v\u00edctimas"},"content":{"rendered":"<p class=\"bajada\"><em><a href=\"http:\/\/www.elsindical.com.ar\/notas\/var\/www\/html\/notas\/wp-content\/uploads\/2015\/04\/alto-violencia.jpg\"><img loading=\"lazy\" decoding=\"async\" class=\"alignnone size-medium wp-image-50521\" src=\"http:\/\/www.elsindical.com.ar\/notas\/var\/www\/html\/notas\/wp-content\/uploads\/2015\/04\/alto-violencia-300x180.jpg\" alt=\"alto-violencia\" width=\"300\" height=\"180\" srcset=\"https:\/\/www.elsindical.com.ar\/notas\/var\/www\/html\/notas\/wp-content\/uploads\/2015\/04\/alto-violencia-300x180.jpg 300w, https:\/\/www.elsindical.com.ar\/notas\/var\/www\/html\/notas\/wp-content\/uploads\/2015\/04\/alto-violencia-500x300.jpg 500w, https:\/\/www.elsindical.com.ar\/notas\/var\/www\/html\/notas\/wp-content\/uploads\/2015\/04\/alto-violencia.jpg 620w\" sizes=\"auto, (max-width: 300px) 100vw, 300px\" \/><\/a>Fue promulgada hoy la ley que crea el Cuerpo de Abogadas y Abogados para V\u00edctimas de Violencia de G\u00e9nero.<\/em><\/p>\n<p id=\"pcontnota\">La norma, sancionada el 4 de noviembre por la C\u00e1mara de Diputados, establece la creaci\u00f3n de esa dependencia en el \u00e1mbito de la Secretar\u00eda de Justicia del Ministerio de Justicia y Derechos Humanos de la Naci\u00f3n, con la misi\u00f3n de \u201cgarantizar el acceso a la justicia de las personas v\u00edctimas de violencia de g\u00e9nero en consonancia con las prescripciones de la ley 26.485\u201d.<\/p>\n<p>Los letrados que integren el nuevo cuerpo deber\u00e1n \u201cbrindar patrocinio jur\u00eddico gratuito y asesoramiento legal integral en todo el territorio nacional a personas v\u00edctimas de violencia de g\u00e9nero en todos sus tipos y modalidades establecidas en la ley 26.485&#8243;.<\/p>\n<p>Tambi\u00e9n lo har\u00e1n en casos de violencia \u00abejercida por razones de identidad de g\u00e9nero u orientaci\u00f3n sexual de modo de garantizar su acceso a la justicia de manera oportuna y efectiva\u201d.<\/p>\n<p>Asimismo, seg\u00fan la normativa promulgada el pasado 23, tendr\u00e1n que \u201cdesarrollar mecanismos de coordinaci\u00f3n y cooperaci\u00f3n con otros organismos del Poder Ejecutivo, el Poder Judicial y el Ministerio P\u00fablico de la Defensa y Fiscal, sean \u00e9stos de jurisdicci\u00f3n nacional, provincial o local, a fin de brindar una respuesta eficiente, tanto en sede administrativa como judicial\u201d.<\/p>\n<p>Adem\u00e1s, deber\u00e1n \u201cformular recomendaciones y propuestas legislativas en materia de violencia de g\u00e9nero\u201d y \u201cfomentar la producci\u00f3n y difusi\u00f3n de informes e investigaciones relacionados con las causas, la naturaleza, la gravedad y las consecuencias de la violencia de g\u00e9nero\u201d.<\/p>\n<p>El Cuerpo de Abogadas y Abogados para V\u00edctimas de Violencia de G\u00e9nero estar\u00e1 a cargo de un director ejecutivo, quien tendr\u00e1 rango y jerarqu\u00eda de subsecretario de Estado.<\/p>\n<p>Ayer, la Corte Suprema de Justicia inform\u00f3 que un total de 225 mujeres fueron v\u00edctimas de femicidios durante 2014.<\/p>\n<p>De ese total, el 42%o ten\u00eda entre 21 y 40 a\u00f1os al momento de ser asesinadas y al 75% la mat\u00f3 alg\u00fan allegado, seg\u00fan datos del Primer Registro Nacional de Femicidios de la Justicia Argentina.<\/p>\n","protected":false},"excerpt":{"rendered":"<p>Fue promulgada hoy la ley que crea el Cuerpo de Abogadas y Abogados para V\u00edctimas de Violencia de G\u00e9nero. La norma, sancionada el 4 de noviembre por la C\u00e1mara de Diputados, establece la creaci\u00f3n de esa dependencia en el \u00e1mbito de la Secretar\u00eda de Justicia del Ministerio de Justicia y Derechos Humanos de la Naci\u00f3n,&hellip;<\/p>\n","protected":false},"author":1,"featured_media":0,"comment_status":"open","ping_status":"open","sticky":false,"template":"","format":"standard","meta":{"footnotes":""},"categories":[25],"tags":[760,20144,509,572],"class_list":["post-55483","post","type-post","status-publish","format-standard","hentry","category-sociedad","tag-abogados","tag-ley-26-485","tag-victimas","tag-violencia-de-genero"],"_links":{"self":[{"href":"https:\/\/www.elsindical.com.ar\/notas\/wp-json\/wp\/v2\/posts\/55483","targetHints":{"allow":["GET"]}}],"collection":[{"href":"https:\/\/www.elsindical.com.ar\/notas\/wp-json\/wp\/v2\/posts"}],"about":[{"href":"https:\/\/www.elsindical.com.ar\/notas\/wp-json\/wp\/v2\/types\/post"}],"author":[{"embeddable":true,"href":"https:\/\/www.elsindical.com.ar\/notas\/wp-json\/wp\/v2\/users\/1"}],"replies":[{"embeddable":true,"href":"https:\/\/www.elsindical.com.ar\/notas\/wp-json\/wp\/v2\/comments?post=55483"}],"version-history":[{"count":1,"href":"https:\/\/www.elsindical.com.ar\/notas\/wp-json\/wp\/v2\/posts\/55483\/revisions"}],"predecessor-version":[{"id":55484,"href":"https:\/\/www.elsindical.com.ar\/notas\/wp-json\/wp\/v2\/posts\/55483\/revisions\/55484"}],"wp:attachment":[{"href":"https:\/\/www.elsindical.com.ar\/notas\/wp-json\/wp\/v2\/media?parent=55483"}],"wp:term":[{"taxonomy":"category","embeddable":true,"href":"https:\/\/www.elsindical.com.ar\/notas\/wp-json\/wp\/v2\/categories?post=55483"},{"taxonomy":"post_tag","embeddable":true,"href":"https:\/\/www.elsindical.com.ar\/notas\/wp-json\/wp\/v2\/tags?post=55483"}],"curies":[{"name":"wp","href":"https:\/\/api.w.org\/{rel}","templated":true}]}}