{"id":55450,"date":"2015-11-25T17:02:49","date_gmt":"2015-11-25T20:02:49","guid":{"rendered":"http:\/\/www.elsindical.com.ar\/notas\/?p=55450"},"modified":"2015-11-25T17:02:49","modified_gmt":"2015-11-25T20:02:49","slug":"murio-el-secretario-adjunto-del-sosba","status":"publish","type":"post","link":"https:\/\/www.elsindical.com.ar\/notas\/murio-el-secretario-adjunto-del-sosba\/","title":{"rendered":"Muri\u00f3 el secretario adjunto del SOSBA"},"content":{"rendered":"<p class=\"copete\"><em><a href=\"http:\/\/www.elsindical.com.ar\/notas\/var\/www\/html\/notas\/wp-content\/uploads\/2015\/11\/Rub\u00e9n-Alberto-De-Luc\u00eda.jpg\"><img loading=\"lazy\" decoding=\"async\" class=\"alignnone size-medium wp-image-55451\" src=\"http:\/\/www.elsindical.com.ar\/notas\/var\/www\/html\/notas\/wp-content\/uploads\/2015\/11\/Rub\u00e9n-Alberto-De-Luc\u00eda-300x176.jpg\" alt=\"Rub\u00e9n-Alberto-De-Luc\u00eda\" width=\"300\" height=\"176\" srcset=\"https:\/\/www.elsindical.com.ar\/notas\/var\/www\/html\/notas\/wp-content\/uploads\/2015\/11\/Rub\u00e9n-Alberto-De-Luc\u00eda-300x176.jpg 300w, https:\/\/www.elsindical.com.ar\/notas\/var\/www\/html\/notas\/wp-content\/uploads\/2015\/11\/Rub\u00e9n-Alberto-De-Luc\u00eda-500x294.jpg 500w, https:\/\/www.elsindical.com.ar\/notas\/var\/www\/html\/notas\/wp-content\/uploads\/2015\/11\/Rub\u00e9n-Alberto-De-Luc\u00eda.jpg 620w\" sizes=\"auto, (max-width: 300px) 100vw, 300px\" \/><\/a>\u00a0 Rub\u00e9n Alberto De Lucia falleci\u00f3 este martes a los 74 a\u00f1os. Integraba la Comisi\u00f3n Directiva desde su normalizaci\u00f3n, luego de la vuelta a la Democracia, en 1984.<\/em><\/p>\n<p>Desde 2004, era <strong>Secretario Adjunto del SOSBA<\/strong>, acompa\u00f1ando al Secretario General, Julio C\u00e9sar Castro. Fue uno de los principales responsables de las <strong>grandes conquistas del sindicato <\/strong>para el bien de la sociedad y de los trabajadores. Entre otras, la lucha en los a\u00f1os 90 logrando que Obras Sanitarias no tuviera ni un trabajador despedido en la era de las privatizaciones.<\/p>\n<p>Fue mentor y consejero de muchos dirigentes pol\u00edticos y sindicales de la regi\u00f3n, siempre apostando a la militancia, compromiso, unidad, solidaridad en pos del bienestar social colectivo.<\/p>\n<p>As\u00ed lo despidi\u00f3 la Comisi\u00f3n Directiva:<\/p>\n<p>\u00abHoy es un d\u00eda muy triste para todos nosotros. Luego de una corta y brutal enfermedad, ha fallecido nuestro Compa\u00f1ero Secretario Adjunto<strong> Rub\u00e9n Alberto De Lucia<\/strong>.<\/p>\n<p>Nuestro Secretario Adjunto nos dio generosamente una vida de militancia y responsabilidad, de afecto y sabidur\u00eda, de trabajo y solidaridad sin l\u00edmites.<\/p>\n<p>Se nos fue Rub\u00e9n, <strong>un amigo y consejero<\/strong>, que no escatim\u00f3 ni tiempo ni su propia salud para recorrer toda una provincia durante meses y a\u00f1os, para atender las necesidades de los Compa\u00f1eros sin mirar su identidad o su condici\u00f3n laboral.<\/p>\n<p>Nos cuesta creer que su lugar de la charla cotidiana con los Compa\u00f1eros estar\u00e1 vacante para siempre. Que sus rondas de mates plagadas de an\u00e9cdotas gremiales y opiniones sobre todos los problemas que deben enfrentar los Trabajadores, con su impresionante carga de experiencia e informaci\u00f3n actualizada.<\/p>\n<p>Seguramente nuestro Gremio no ser\u00e1 igual a partir de hoy, pero <strong>nos deja la impronta de su vida y su tr\u00e1nsito por los pasillos<\/strong> abriendo las oficinas para dar luz a las ideas, acompa\u00f1ar en las charlas sindicales y generar actividades en torno a las necesidades de los Compa\u00f1eros Afiliados.<\/p>\n<p>Nos deja su conducta militante, su responsabilidad como dirigente y su caudal de ideas y conceptos, y tal como \u00e9l mismo se\u00f1alaba a los m\u00e1s j\u00f3venes \u201cel buen uso de la imaginaci\u00f3n y la inteligencia\u201d para obtener respuesta a nuestros desaf\u00edos cotidianos.<\/p>\n<p>No le podemos decir adi\u00f3s al \u201c<strong>Negro De Lucia<\/strong>\u201d, porque lo vamos a sentir cerca de nosotros en cada momento y en cada acontecimiento, y <strong>ser\u00e1 permanente fuente de inspiraci\u00f3n<\/strong> para todos nosotros y para las nuevas generaciones de sanitaristas bonaerenses.<\/p>\n<p>Su recuerdo en cada pared del Gremio que vio construir, en los pasillos que camin\u00f3 incesantemente hasta que ya no pudo, en los actos y asambleas, en los acontecimientos sociales, pol\u00edticos y culturales donde era infaltable, seguir\u00e1 cobij\u00e1ndonos a todos como lo hizo en m\u00e1s de treinta a\u00f1os de conducci\u00f3n del SOSBA, de cuarenta a\u00f1os como militante sindical y m\u00e1s de cincuenta a\u00f1os de servicios en el sector h\u00eddrico\u00bb.<\/p>\n","protected":false},"excerpt":{"rendered":"<p>\u00a0 Rub\u00e9n Alberto De Lucia falleci\u00f3 este martes a los 74 a\u00f1os. Integraba la Comisi\u00f3n Directiva desde su normalizaci\u00f3n, luego de la vuelta a la Democracia, en 1984. Desde 2004, era Secretario Adjunto del SOSBA, acompa\u00f1ando al Secretario General, Julio C\u00e9sar Castro. Fue uno de los principales responsables de las grandes conquistas del sindicato para&hellip;<\/p>\n","protected":false},"author":1,"featured_media":0,"comment_status":"open","ping_status":"open","sticky":false,"template":"","format":"standard","meta":{"footnotes":""},"categories":[16,24],"tags":[874,22471,22408],"class_list":["post-55450","post","type-post","status-publish","format-standard","hentry","category-gremiales","category-sociales","tag-fallecimiento","tag-ruben-alberto-de-lucia","tag-sosba"],"_links":{"self":[{"href":"https:\/\/www.elsindical.com.ar\/notas\/wp-json\/wp\/v2\/posts\/55450","targetHints":{"allow":["GET"]}}],"collection":[{"href":"https:\/\/www.elsindical.com.ar\/notas\/wp-json\/wp\/v2\/posts"}],"about":[{"href":"https:\/\/www.elsindical.com.ar\/notas\/wp-json\/wp\/v2\/types\/post"}],"author":[{"embeddable":true,"href":"https:\/\/www.elsindical.com.ar\/notas\/wp-json\/wp\/v2\/users\/1"}],"replies":[{"embeddable":true,"href":"https:\/\/www.elsindical.com.ar\/notas\/wp-json\/wp\/v2\/comments?post=55450"}],"version-history":[{"count":1,"href":"https:\/\/www.elsindical.com.ar\/notas\/wp-json\/wp\/v2\/posts\/55450\/revisions"}],"predecessor-version":[{"id":55452,"href":"https:\/\/www.elsindical.com.ar\/notas\/wp-json\/wp\/v2\/posts\/55450\/revisions\/55452"}],"wp:attachment":[{"href":"https:\/\/www.elsindical.com.ar\/notas\/wp-json\/wp\/v2\/media?parent=55450"}],"wp:term":[{"taxonomy":"category","embeddable":true,"href":"https:\/\/www.elsindical.com.ar\/notas\/wp-json\/wp\/v2\/categories?post=55450"},{"taxonomy":"post_tag","embeddable":true,"href":"https:\/\/www.elsindical.com.ar\/notas\/wp-json\/wp\/v2\/tags?post=55450"}],"curies":[{"name":"wp","href":"https:\/\/api.w.org\/{rel}","templated":true}]}}