{"id":55315,"date":"2015-11-18T16:25:00","date_gmt":"2015-11-18T19:25:00","guid":{"rendered":"http:\/\/www.elsindical.com.ar\/notas\/?p=55315"},"modified":"2015-11-18T16:25:00","modified_gmt":"2015-11-18T19:25:00","slug":"junin-mia-aparecio-sana-y-salva","status":"publish","type":"post","link":"https:\/\/www.elsindical.com.ar\/notas\/junin-mia-aparecio-sana-y-salva\/","title":{"rendered":"Jun\u00edn: M\u00eda apareci\u00f3 sana y salva"},"content":{"rendered":"<p class=\"p1 newDetailTextChange\"><em><a href=\"http:\/\/www.elsindical.com.ar\/notas\/var\/www\/html\/notas\/wp-content\/uploads\/2015\/11\/M\u00eda-hallada.jpg\"><img loading=\"lazy\" decoding=\"async\" class=\"alignnone size-medium wp-image-55317\" src=\"http:\/\/www.elsindical.com.ar\/notas\/var\/www\/html\/notas\/wp-content\/uploads\/2015\/11\/M\u00eda-hallada-300x170.jpg\" alt=\"M\u00eda-hallada\" width=\"300\" height=\"170\" srcset=\"https:\/\/www.elsindical.com.ar\/notas\/var\/www\/html\/notas\/wp-content\/uploads\/2015\/11\/M\u00eda-hallada-300x170.jpg 300w, https:\/\/www.elsindical.com.ar\/notas\/var\/www\/html\/notas\/wp-content\/uploads\/2015\/11\/M\u00eda-hallada-500x284.jpg 500w, https:\/\/www.elsindical.com.ar\/notas\/var\/www\/html\/notas\/wp-content\/uploads\/2015\/11\/M\u00eda-hallada.jpg 620w\" sizes=\"auto, (max-width: 300px) 100vw, 300px\" \/><\/a>\u00a0 La nena de 6 a\u00f1os fue hallada en Jun\u00edn junto al \u00abCarnicero\u00bb, el hombre que tambi\u00e9n estaba siendo buscado como sospechoso del asesinato de la mam\u00e1 y el hermanito.<\/em><\/p>\n<p class=\"p1 newDetailTextChange\">M\u00eda, la hija de seis a\u00f1os de la <b>mujer asesinada junto a otro de sus hijos en El Palomar el lunes \u00faltimo<\/b>, fue encontrada esta ma\u00f1ana sana y salva en la terminal de micros de la ciudad bonaerense de Jun\u00edn, informaron fuentes policiales y de la familia de la ni\u00f1a.<\/p>\n<p>La ni\u00f1a fue hallada en las \u00faltimas horas junto a un hombre, identificado por la polic\u00eda como Enrique Alcar\u00e1z, que los investigadores buscaban desde ayer como <b>sospechoso de haber sido el autor del doble homicidio.<\/b><\/p>\n<p>Una vecina cont\u00f3 que <b>un chofer de larga distancia<\/b> reconoci\u00f3 a M\u00eda, porque hab\u00eda una foto suya pegada en el micro, a prop\u00f3sito de la b\u00fasqueda. El hombre llam\u00f3 al 911, que detuvo a Alcar\u00e1z. \u00ab\u00c9l dec\u00eda &#8216;es mi hija\u00bb, detall\u00f3 la mujer.<b><br \/>\n<\/b><\/p>\n<p class=\"p1 newDetailTextChange\">Por su parte,<b> el ministro de Seguridad de la provincia de Buenos Aires, Alejandro Granados, <\/b>detall\u00f3 c\u00f3mo fue el operativo para detener al \u00abCarnicero\u00bb.<\/p>\n<p class=\"p1 newDetailTextChange\">Las t\u00edas de la peque\u00f1a viajaron en helic\u00f3ptero de la PFA\u00a0a la localidad bonaerense para reencontrarse con la peque\u00f1a.<b><\/b><\/p>\n<p>Seg\u00fan las \u00faltimas informaciones,<b> tanto M\u00eda como Alcar\u00e1z fueron trasladados a la DDI de Jun\u00edn.<br \/>\n<\/b><\/p>\n","protected":false},"excerpt":{"rendered":"<p>\u00a0 La nena de 6 a\u00f1os fue hallada en Jun\u00edn junto al \u00abCarnicero\u00bb, el hombre que tambi\u00e9n estaba siendo buscado como sospechoso del asesinato de la mam\u00e1 y el hermanito. M\u00eda, la hija de seis a\u00f1os de la mujer asesinada junto a otro de sus hijos en El Palomar el lunes \u00faltimo, fue encontrada esta&hellip;<\/p>\n","protected":false},"author":1,"featured_media":0,"comment_status":"open","ping_status":"open","sticky":false,"template":"","format":"standard","meta":{"footnotes":""},"categories":[22],"tags":[22448,7748,19243,698],"class_list":["post-55315","post","type-post","status-publish","format-standard","hentry","category-policiales","tag-enrique-alcaraz","tag-junin","tag-mia","tag-pfa"],"_links":{"self":[{"href":"https:\/\/www.elsindical.com.ar\/notas\/wp-json\/wp\/v2\/posts\/55315","targetHints":{"allow":["GET"]}}],"collection":[{"href":"https:\/\/www.elsindical.com.ar\/notas\/wp-json\/wp\/v2\/posts"}],"about":[{"href":"https:\/\/www.elsindical.com.ar\/notas\/wp-json\/wp\/v2\/types\/post"}],"author":[{"embeddable":true,"href":"https:\/\/www.elsindical.com.ar\/notas\/wp-json\/wp\/v2\/users\/1"}],"replies":[{"embeddable":true,"href":"https:\/\/www.elsindical.com.ar\/notas\/wp-json\/wp\/v2\/comments?post=55315"}],"version-history":[{"count":2,"href":"https:\/\/www.elsindical.com.ar\/notas\/wp-json\/wp\/v2\/posts\/55315\/revisions"}],"predecessor-version":[{"id":55318,"href":"https:\/\/www.elsindical.com.ar\/notas\/wp-json\/wp\/v2\/posts\/55315\/revisions\/55318"}],"wp:attachment":[{"href":"https:\/\/www.elsindical.com.ar\/notas\/wp-json\/wp\/v2\/media?parent=55315"}],"wp:term":[{"taxonomy":"category","embeddable":true,"href":"https:\/\/www.elsindical.com.ar\/notas\/wp-json\/wp\/v2\/categories?post=55315"},{"taxonomy":"post_tag","embeddable":true,"href":"https:\/\/www.elsindical.com.ar\/notas\/wp-json\/wp\/v2\/tags?post=55315"}],"curies":[{"name":"wp","href":"https:\/\/api.w.org\/{rel}","templated":true}]}}