{"id":55282,"date":"2015-11-17T23:08:07","date_gmt":"2015-11-18T02:08:07","guid":{"rendered":"http:\/\/www.elsindical.com.ar\/notas\/?p=55282"},"modified":"2015-11-17T23:08:07","modified_gmt":"2015-11-18T02:08:07","slug":"los-ex-integrantes-de-callejeros-vuelven-a-prision","status":"publish","type":"post","link":"https:\/\/www.elsindical.com.ar\/notas\/los-ex-integrantes-de-callejeros-vuelven-a-prision\/","title":{"rendered":"Los ex integrantes de Callejeros vuelven a prisi\u00f3n"},"content":{"rendered":"<p class=\"p1 newDetailTextChange\"><em>\u00a0<a href=\"http:\/\/www.elsindical.com.ar\/notas\/var\/www\/html\/notas\/wp-content\/uploads\/2010\/04\/Callejeros-abrazados.jpg\"><img loading=\"lazy\" decoding=\"async\" class=\"alignnone size-full wp-image-5374\" src=\"http:\/\/www.elsindical.com.ar\/notas\/var\/www\/html\/notas\/wp-content\/uploads\/2010\/04\/Callejeros-abrazados.jpg\" alt=\"Callejeros-abrazados\" width=\"283\" height=\"170\" \/><\/a> El abogado de Pato Fontanet, Marcelo Brito, confirm\u00f3 que la C\u00e1mara Federal rechaz\u00f3 los recursos que ellos antepusieron por sus condenas y deber\u00e1n regresar a la c\u00e1rcel. Van por la Corte.<\/em><\/p>\n<p class=\"newDetailTextChange\">Malas noticias para los ex integrantes del grupo\u00a0<b>Callejeros<\/b>. Es que seg\u00fan acaba de confirmar el abogado de<b>\u00a0Pato Fontanet,\u00a0Marcelo Brito<\/b>, la<b>\u00a0C\u00e1mara Federal de Casaci\u00f3n Penal\u00a0<\/b>rechaz\u00f3\u00a0los recursos contra las condenas que recibieron por la tragedia de <b>Croma\u00f1\u00f3n <\/b>por lo que <b>deber\u00e1n regresar a la c\u00e1rcel<\/b>.<\/p>\n<p>Seg\u00fan la informaci\u00f3n judicial que acaba de trascender, los jueces <b>Pedro David, Gustavo Hornos y Juan Carlos Gemignani<\/b> desestimaron los recursos extraordinarios para que la<b> Corte Suprema<\/b> intervenga y revise las condenas.<\/p>\n<p>Marcelo Brito, abogado defensor del ex l\u00edder de la banda <b>Patricio Fontanet<\/b>, habl\u00f3 con la<b> Cadena 3<\/b> de C\u00f3rdoba y dijo: \u00abFuimos notificados de la resoluci\u00f3n que por mayor\u00eda de votos\u00a0<b>declara inadmisible<\/b>\u00a0el recurso extraordinario que nosotros interpusimos. La Sala que acaba de dictar la resoluci\u00f3n va a bajar el expediente al tribunal que intervino en el juicio y absolvi\u00f3 a los integrantes de Callejeros\u00bb, indic\u00f3.<\/p>\n<div>Pero m\u00e1s all\u00e1 de esas definiciones, lo sustancial es que el propio abogado confirm\u00f3 que despu\u00e9s de un tiempo en libertad deber\u00e1n regresar a prisi\u00f3n. \u00ab<b>Ese\u00a0tribunal\u00a0seguramente va a hacer\u00a0ejecutar la condena,\u00a0lo que significa que van a ser privados de la libertad Fontanet y los otros condenados<\/b>. El tribunal puede ordenar la detenci\u00f3n o citaci\u00f3n para que comparezcan y all\u00ed\u00a0<b>ser\u00e1n privados de su libertad\u00bb,\u00a0<\/b>detall\u00f3.<\/div>\n<div><\/div>\n<div>El abogado por otra parte asegur\u00f3 que van a ir por la Corte ya que de ninguna manera aceptar\u00e1n esta resoluci\u00f3n. \u00ab<b>Vamos a\u00a0interponer\u00a0un recurso directo de queja ante la\u00a0Corte Suprema\u00a0de Justicia pidiendo que declare mal denegado el recurso extraordinario<\/b>; adem\u00e1s, como la interpretaci\u00f3n que hace el tribunal oral est\u00e1 en contra de una jurisprudencia de la Corte vamos a hacer un planteo a trav\u00e9s de un\u00a0<b>recurso de casaci\u00f3n\u00a0<\/b>para modificar resta consecuencia o sea la privaci\u00f3n de la libertad\u00bb, sostuvo.<\/div>\n<p class=\"newDetailTextChange\">\n","protected":false},"excerpt":{"rendered":"<p>\u00a0 El abogado de Pato Fontanet, Marcelo Brito, confirm\u00f3 que la C\u00e1mara Federal rechaz\u00f3 los recursos que ellos antepusieron por sus condenas y deber\u00e1n regresar a la c\u00e1rcel. Van por la Corte. Malas noticias para los ex integrantes del grupo\u00a0Callejeros. Es que seg\u00fan acaba de confirmar el abogado de\u00a0Pato Fontanet,\u00a0Marcelo Brito, la\u00a0C\u00e1mara Federal de Casaci\u00f3n&hellip;<\/p>\n","protected":false},"author":1,"featured_media":0,"comment_status":"open","ping_status":"open","sticky":false,"template":"","format":"standard","meta":{"footnotes":""},"categories":[20],"tags":[1814,4631,3345],"class_list":["post-55282","post","type-post","status-publish","format-standard","hentry","category-judiciales","tag-callejeros","tag-casacion-penal","tag-condenas"],"_links":{"self":[{"href":"https:\/\/www.elsindical.com.ar\/notas\/wp-json\/wp\/v2\/posts\/55282","targetHints":{"allow":["GET"]}}],"collection":[{"href":"https:\/\/www.elsindical.com.ar\/notas\/wp-json\/wp\/v2\/posts"}],"about":[{"href":"https:\/\/www.elsindical.com.ar\/notas\/wp-json\/wp\/v2\/types\/post"}],"author":[{"embeddable":true,"href":"https:\/\/www.elsindical.com.ar\/notas\/wp-json\/wp\/v2\/users\/1"}],"replies":[{"embeddable":true,"href":"https:\/\/www.elsindical.com.ar\/notas\/wp-json\/wp\/v2\/comments?post=55282"}],"version-history":[{"count":1,"href":"https:\/\/www.elsindical.com.ar\/notas\/wp-json\/wp\/v2\/posts\/55282\/revisions"}],"predecessor-version":[{"id":55283,"href":"https:\/\/www.elsindical.com.ar\/notas\/wp-json\/wp\/v2\/posts\/55282\/revisions\/55283"}],"wp:attachment":[{"href":"https:\/\/www.elsindical.com.ar\/notas\/wp-json\/wp\/v2\/media?parent=55282"}],"wp:term":[{"taxonomy":"category","embeddable":true,"href":"https:\/\/www.elsindical.com.ar\/notas\/wp-json\/wp\/v2\/categories?post=55282"},{"taxonomy":"post_tag","embeddable":true,"href":"https:\/\/www.elsindical.com.ar\/notas\/wp-json\/wp\/v2\/tags?post=55282"}],"curies":[{"name":"wp","href":"https:\/\/api.w.org\/{rel}","templated":true}]}}