{"id":55166,"date":"2015-11-13T12:19:38","date_gmt":"2015-11-13T15:19:38","guid":{"rendered":"http:\/\/www.elsindical.com.ar\/notas\/?p=55166"},"modified":"2017-05-26T09:47:08","modified_gmt":"2017-05-26T12:47:08","slug":"convocatoria-por-los-derechos-de-los-ninos-y-adolescentes-en-el-proceso-penal","status":"publish","type":"post","link":"https:\/\/www.elsindical.com.ar\/notas\/convocatoria-por-los-derechos-de-los-ninos-y-adolescentes-en-el-proceso-penal\/","title":{"rendered":"Convocatoria por los derechos de los ni\u00f1os y adolescentes en el proceso penal"},"content":{"rendered":"<p><a href=\"http:\/\/www.elsindical.com.ar\/notas\/var\/www\/html\/notas\/wp-content\/uploads\/2015\/11\/convocatoria-derechos-de-lo.jpg\"><img loading=\"lazy\" decoding=\"async\" class=\"alignnone size-medium wp-image-55167\" src=\"http:\/\/www.elsindical.com.ar\/notas\/var\/www\/html\/notas\/wp-content\/uploads\/2015\/11\/convocatoria-derechos-de-lo-300x169.jpg\" alt=\"convocatoria-derechos-de-lo\" width=\"300\" height=\"169\" srcset=\"https:\/\/www.elsindical.com.ar\/notas\/var\/www\/html\/notas\/wp-content\/uploads\/2015\/11\/convocatoria-derechos-de-lo-300x169.jpg 300w, https:\/\/www.elsindical.com.ar\/notas\/var\/www\/html\/notas\/wp-content\/uploads\/2015\/11\/convocatoria-derechos-de-lo-500x281.jpg 500w, https:\/\/www.elsindical.com.ar\/notas\/var\/www\/html\/notas\/wp-content\/uploads\/2015\/11\/convocatoria-derechos-de-lo.jpg 738w\" sizes=\"auto, (max-width: 300px) 100vw, 300px\" \/><\/a>\u00a0 Invitaci\u00f3n a participar y difundir este acto a realizarse el d\u00cda MARTES 17 DE NOVIEMBRE A LAS 12 HS enfrente de la C\u00e1mara Criminal y Correccional de la Capital Federal, en Viamonte 1147.<\/p>\n<p>Los Ni\u00f1os Ni\u00f1as y Adolescentes v\u00edctimas de delitos contra la integridad sexual ( abuso) tienen derecho a participar del proceso<span class=\"Apple-converted-space\">\u00a0<\/span><span class=\"text_exposed_show\">con su \u00bb Abogado del Ni\u00f1o\u00bb ( art. 27 Ley 26061)<span class=\"Apple-converted-space\">\u00a0<\/span><\/span><\/p>\n<p>* Acto de Repudio a la Resoluci\u00f3n de la CCyC , Sala 7, violatoria de los derechos de una ni\u00f1a v\u00edctima de abuso sexual.<span class=\"Apple-converted-space\">\u00a0<\/span><br \/>\n* Palabras de los Organizadores.<span class=\"Apple-converted-space\">\u00a0<\/span><br \/>\n* Lectura de Puntos Cr\u00edticos al Poder Judicial.<span class=\"Apple-converted-space\">\u00a0<\/span><br \/>\n*;Presentaci\u00f3n P\u00fablica de Recurso de Casaci\u00f3n.<span class=\"Apple-converted-space\">\u00a0<\/span><\/p>\n<p>Para adhesiones y para las organizaciones y representantes de NNyA v\u00edctimas que quieran sumarse por favor ponerse en contacto mediante mail : abogadodelnino@chavesluna.<wbr \/>com.ar<span class=\"Apple-converted-space\">\u00a0<\/span><\/p>\n<p>Organiza Ratt Internacional, Familiares de NNyA v\u00edctimas, representantes de NNyA Invisibilizados, Ongs.<\/p>\n<p><a href=\"http:\/\/www.elsindical.com.ar\/notas\/var\/www\/html\/notas\/wp-content\/uploads\/2015\/11\/Laura-convocatoria.jpg\"><img loading=\"lazy\" decoding=\"async\" class=\"alignnone size-medium wp-image-55168\" src=\"http:\/\/www.elsindical.com.ar\/notas\/var\/www\/html\/notas\/wp-content\/uploads\/2015\/11\/Laura-convocatoria-300x169.jpg\" alt=\"Laura-convocatoria\" width=\"300\" height=\"169\" srcset=\"https:\/\/www.elsindical.com.ar\/notas\/var\/www\/html\/notas\/wp-content\/uploads\/2015\/11\/Laura-convocatoria-300x169.jpg 300w, https:\/\/www.elsindical.com.ar\/notas\/var\/www\/html\/notas\/wp-content\/uploads\/2015\/11\/Laura-convocatoria-500x281.jpg 500w, https:\/\/www.elsindical.com.ar\/notas\/var\/www\/html\/notas\/wp-content\/uploads\/2015\/11\/Laura-convocatoria.jpg 738w\" sizes=\"auto, (max-width: 300px) 100vw, 300px\" \/><\/a><\/p>\n<p><iframe loading=\"lazy\" src=\"https:\/\/www.youtube.com\/embed\/kBzXAc5BsE0\" width=\"580\" height=\"420\" frameborder=\"0\" allowfullscreen=\"allowfullscreen\"><\/iframe><\/p>\n","protected":false},"excerpt":{"rendered":"<p>\u00a0 Invitaci\u00f3n a participar y difundir este acto a realizarse el d\u00cda MARTES 17 DE NOVIEMBRE A LAS 12 HS enfrente de la C\u00e1mara Criminal y Correccional de la Capital Federal, en Viamonte 1147. Los Ni\u00f1os Ni\u00f1as y Adolescentes v\u00edctimas de delitos contra la integridad sexual ( abuso) tienen derecho a participar del proceso\u00a0con su&hellip;<\/p>\n","protected":false},"author":1,"featured_media":0,"comment_status":"open","ping_status":"open","sticky":false,"template":"","format":"standard","meta":{"footnotes":""},"categories":[25],"tags":[19296,885,1767,3583,22235,1788],"class_list":["post-55166","post","type-post","status-publish","format-standard","hentry","category-sociedad","tag-abogado-del-nino","tag-adolescentes","tag-derecho","tag-derechos","tag-dra-laura-selene-chaves-luna","tag-ninos"],"_links":{"self":[{"href":"https:\/\/www.elsindical.com.ar\/notas\/wp-json\/wp\/v2\/posts\/55166","targetHints":{"allow":["GET"]}}],"collection":[{"href":"https:\/\/www.elsindical.com.ar\/notas\/wp-json\/wp\/v2\/posts"}],"about":[{"href":"https:\/\/www.elsindical.com.ar\/notas\/wp-json\/wp\/v2\/types\/post"}],"author":[{"embeddable":true,"href":"https:\/\/www.elsindical.com.ar\/notas\/wp-json\/wp\/v2\/users\/1"}],"replies":[{"embeddable":true,"href":"https:\/\/www.elsindical.com.ar\/notas\/wp-json\/wp\/v2\/comments?post=55166"}],"version-history":[{"count":1,"href":"https:\/\/www.elsindical.com.ar\/notas\/wp-json\/wp\/v2\/posts\/55166\/revisions"}],"predecessor-version":[{"id":55169,"href":"https:\/\/www.elsindical.com.ar\/notas\/wp-json\/wp\/v2\/posts\/55166\/revisions\/55169"}],"wp:attachment":[{"href":"https:\/\/www.elsindical.com.ar\/notas\/wp-json\/wp\/v2\/media?parent=55166"}],"wp:term":[{"taxonomy":"category","embeddable":true,"href":"https:\/\/www.elsindical.com.ar\/notas\/wp-json\/wp\/v2\/categories?post=55166"},{"taxonomy":"post_tag","embeddable":true,"href":"https:\/\/www.elsindical.com.ar\/notas\/wp-json\/wp\/v2\/tags?post=55166"}],"curies":[{"name":"wp","href":"https:\/\/api.w.org\/{rel}","templated":true}]}}