{"id":55129,"date":"2015-11-12T09:22:25","date_gmt":"2015-11-12T12:22:25","guid":{"rendered":"http:\/\/www.elsindical.com.ar\/notas\/?p=55129"},"modified":"2015-11-12T09:22:25","modified_gmt":"2015-11-12T12:22:25","slug":"miranda-toca-gratis-en-el-alto-avellaneda","status":"publish","type":"post","link":"https:\/\/www.elsindical.com.ar\/notas\/miranda-toca-gratis-en-el-alto-avellaneda\/","title":{"rendered":"Miranda! toca gratis en el Alto Avellaneda"},"content":{"rendered":"<p><em><a href=\"http:\/\/www.elsindical.com.ar\/notas\/var\/www\/html\/notas\/wp-content\/uploads\/2015\/11\/Miranda-en-Alto-Avellaneda-.jpg\"><img loading=\"lazy\" decoding=\"async\" class=\"alignnone size-medium wp-image-55130\" src=\"http:\/\/www.elsindical.com.ar\/notas\/var\/www\/html\/notas\/wp-content\/uploads\/2015\/11\/Miranda-en-Alto-Avellaneda--295x300.jpg\" alt=\"Miranda-en-Alto-Avellaneda-\" width=\"295\" height=\"300\" srcset=\"https:\/\/www.elsindical.com.ar\/notas\/var\/www\/html\/notas\/wp-content\/uploads\/2015\/11\/Miranda-en-Alto-Avellaneda--295x300.jpg 295w, https:\/\/www.elsindical.com.ar\/notas\/var\/www\/html\/notas\/wp-content\/uploads\/2015\/11\/Miranda-en-Alto-Avellaneda-.jpg 620w\" sizes=\"auto, (max-width: 295px) 100vw, 295px\" \/><\/a>\u00a0 La banda de Ale Sergi, Juliana Gattas y Monoto Grimaldi se presentar\u00e1 en forma exclusiva con entrada libre y gratuita en el play\u00f3n del estacionamiento del shopping el viernes 13 de noviembre a las 19:00hs. Con posterioridad al show comenzar\u00e1 una noche de \u201cdescuentos porque s\u00ed\u201d que se extender\u00e1 hasta la medianoche.\u00a0<\/em><strong>\u00a0<\/strong><\/p>\n<p><strong>Buenos Aires, 05 de Noviembre de 2015.- Alto Avellaneda, <\/strong>el primer centro comercial de zona sur, celebra sus primeros 20 a\u00f1os con un espectacular show de Miranda! el viernes 13 de noviembre a las 19:00hs. en el play\u00f3n del estacionamiento (Av General G\u00fcemes 897) con entrada libre y gratuita.<\/p>\n<p>La banda de Ale Sergi, Juliana Gattas y Monoto Grimaldi se suma as\u00ed a los festejos del Alto Avellaneda con un show incre\u00edble donde repasar\u00e1n todos sus \u00e9xitos. El espect\u00e1culo para toda la familia ser\u00e1 el puntapi\u00e9 inicial de una fiesta con m\u00fasica en vivo y descuentos \u201cporque s\u00ed\u201d que se extender\u00e1n hasta la medianoche de ese d\u00eda en el marco de la campa\u00f1a \u201cSomos Veintea\u00f1eros\u201d que viene llevando a cabo el centro comercial.<\/p>\n<p>La campa\u00f1a, dise\u00f1ada con motivo de su vig\u00e9simo cumplea\u00f1os hace alusi\u00f3n al esp\u00edritu joven que lo caracteriza, el shopping que recibe 1.500.000 personas por mes y trav\u00e9s de la cual efectuar\u00e1 importantes descuentos y m\u00faltiples acciones para el p\u00fablico \u201cporque s\u00ed\u201d.<\/p>\n<p>Para m\u00e1s detalles consultar la fan page de <a href=\"https:\/\/www.facebook.com\/Alto.Avellaneda\">Alto Avellaneda<\/a>.<\/p>\n<p>&nbsp;<\/p>\n<p><strong>\u00a0<\/strong><\/p>\n<p><strong>Acerca de Alto Avellaneda<\/strong><\/p>\n<p>Alto Avellaneda es el primer centro comercial de zona sur, emplazado estrat\u00e9gicamente al lado del Palacio Municipal de Avellaneda y frente a la sede de la Universidad de Buenos Aires.<\/p>\n<p>De formato \u00fanico, en una sola planta, cuenta con una propuesta integral conformada por: Walmart, Easy, Norauto, Falabella, Zara, Bingo y 6 salas de Cine.<\/p>\n<p>Para la comodidad de sus clientes disponen de 5 accesos de entrada\/salida localizados tanto en la avenida principal (G\u00fcemes) como en sus laterales, ofreciendo de esta forma un amplio estacionamiento con 2.500 cocheras distribuidas equitativamente en toda su infraestructura, de las cuales varias de ellas fueron designadas como reservas para personas con movilidad reducida y embarazadas.<\/p>\n","protected":false},"excerpt":{"rendered":"<p>\u00a0 La banda de Ale Sergi, Juliana Gattas y Monoto Grimaldi se presentar\u00e1 en forma exclusiva con entrada libre y gratuita en el play\u00f3n del estacionamiento del shopping el viernes 13 de noviembre a las 19:00hs. Con posterioridad al show comenzar\u00e1 una noche de \u201cdescuentos porque s\u00ed\u201d que se extender\u00e1 hasta la medianoche.\u00a0\u00a0 Buenos Aires,&hellip;<\/p>\n","protected":false},"author":1,"featured_media":0,"comment_status":"open","ping_status":"open","sticky":false,"template":"","format":"standard","meta":{"footnotes":""},"categories":[15],"tags":[17841,461,22056,14371,719],"class_list":["post-55129","post","type-post","status-publish","format-standard","hentry","category-espectaculos","tag-alto-avellaneda","tag-avellaneda","tag-festejo","tag-miranda","tag-recital"],"_links":{"self":[{"href":"https:\/\/www.elsindical.com.ar\/notas\/wp-json\/wp\/v2\/posts\/55129","targetHints":{"allow":["GET"]}}],"collection":[{"href":"https:\/\/www.elsindical.com.ar\/notas\/wp-json\/wp\/v2\/posts"}],"about":[{"href":"https:\/\/www.elsindical.com.ar\/notas\/wp-json\/wp\/v2\/types\/post"}],"author":[{"embeddable":true,"href":"https:\/\/www.elsindical.com.ar\/notas\/wp-json\/wp\/v2\/users\/1"}],"replies":[{"embeddable":true,"href":"https:\/\/www.elsindical.com.ar\/notas\/wp-json\/wp\/v2\/comments?post=55129"}],"version-history":[{"count":1,"href":"https:\/\/www.elsindical.com.ar\/notas\/wp-json\/wp\/v2\/posts\/55129\/revisions"}],"predecessor-version":[{"id":55131,"href":"https:\/\/www.elsindical.com.ar\/notas\/wp-json\/wp\/v2\/posts\/55129\/revisions\/55131"}],"wp:attachment":[{"href":"https:\/\/www.elsindical.com.ar\/notas\/wp-json\/wp\/v2\/media?parent=55129"}],"wp:term":[{"taxonomy":"category","embeddable":true,"href":"https:\/\/www.elsindical.com.ar\/notas\/wp-json\/wp\/v2\/categories?post=55129"},{"taxonomy":"post_tag","embeddable":true,"href":"https:\/\/www.elsindical.com.ar\/notas\/wp-json\/wp\/v2\/tags?post=55129"}],"curies":[{"name":"wp","href":"https:\/\/api.w.org\/{rel}","templated":true}]}}