{"id":55107,"date":"2015-11-11T01:09:30","date_gmt":"2015-11-11T04:09:30","guid":{"rendered":"http:\/\/www.elsindical.com.ar\/notas\/?p=55107"},"modified":"2015-11-11T01:09:30","modified_gmt":"2015-11-11T04:09:30","slug":"detuvieron-a-uno-de-los-que-atropello-a-la-mujer-policia","status":"publish","type":"post","link":"https:\/\/www.elsindical.com.ar\/notas\/detuvieron-a-uno-de-los-que-atropello-a-la-mujer-policia\/","title":{"rendered":"Detuvieron a uno de los que atropell\u00f3 a la mujer polic\u00eda"},"content":{"rendered":"<p><a href=\"http:\/\/www.elsindical.com.ar\/notas\/var\/www\/html\/notas\/wp-content\/uploads\/2015\/11\/Mar\u00eda-Bel\u00e9n-Gon.jpg\"><img loading=\"lazy\" decoding=\"async\" class=\"alignnone size-medium wp-image-55108\" src=\"http:\/\/www.elsindical.com.ar\/notas\/var\/www\/html\/notas\/wp-content\/uploads\/2015\/11\/Mar\u00eda-Bel\u00e9n-Gon-300x249.jpg\" alt=\"Mar\u00eda-Bel\u00e9n-Gon\" width=\"300\" height=\"249\" srcset=\"https:\/\/www.elsindical.com.ar\/notas\/var\/www\/html\/notas\/wp-content\/uploads\/2015\/11\/Mar\u00eda-Bel\u00e9n-Gon-300x249.jpg 300w, https:\/\/www.elsindical.com.ar\/notas\/var\/www\/html\/notas\/wp-content\/uploads\/2015\/11\/Mar\u00eda-Bel\u00e9n-Gon-361x300.jpg 361w, https:\/\/www.elsindical.com.ar\/notas\/var\/www\/html\/notas\/wp-content\/uploads\/2015\/11\/Mar\u00eda-Bel\u00e9n-Gon.jpg 502w\" sizes=\"auto, (max-width: 300px) 100vw, 300px\" \/><\/a>\u00a0 El hecho ocurri\u00f3 el pasado 29 de julio cuando la joven Mar\u00eda Bel\u00e9n Gonz\u00e1lez, de 23 a\u00f1os, regresaba a su casa con una t\u00eda en la localidad bonaerense de San Francisco Solano.<\/p>\n<p>Un menor de 17 a\u00f1os que integrar\u00eda una banda de delincuentes que le rob\u00f3 el arma a una oficial de la Polic\u00eda luego de atropellarla en reiteradas oportunidades con un auto, fue detenido en las \u00faltimas horas tras un operativo realizado en la localidad bonaerense de Lan\u00fas.<\/p>\n<p>Seg\u00fan confirmaron fuentes policiales a NA, la detenci\u00f3n se llev\u00f3 a cabo en una vivienda ubicada en el Barrio conocido como Villa El Ceibo.<\/p>\n<p>El hecho ocurri\u00f3 el pasado 29 de julio cuando la joven Mar\u00eda Bel\u00e9n Gonz\u00e1lez, de 23 a\u00f1os, regresaba a su casa con una t\u00eda en la localidad bonaerense de San Francisco Solano.<\/p>\n","protected":false},"excerpt":{"rendered":"<p>\u00a0 El hecho ocurri\u00f3 el pasado 29 de julio cuando la joven Mar\u00eda Bel\u00e9n Gonz\u00e1lez, de 23 a\u00f1os, regresaba a su casa con una t\u00eda en la localidad bonaerense de San Francisco Solano. Un menor de 17 a\u00f1os que integrar\u00eda una banda de delincuentes que le rob\u00f3 el arma a una oficial de la Polic\u00eda&hellip;<\/p>\n","protected":false},"author":1,"featured_media":0,"comment_status":"open","ping_status":"open","sticky":false,"template":"","format":"standard","meta":{"footnotes":""},"categories":[22],"tags":[91,21903,30,3279],"class_list":["post-55107","post","type-post","status-publish","format-standard","hentry","category-policiales","tag-detenido","tag-maria-belen-gonzalez","tag-policia","tag-san-francisco-solano"],"_links":{"self":[{"href":"https:\/\/www.elsindical.com.ar\/notas\/wp-json\/wp\/v2\/posts\/55107","targetHints":{"allow":["GET"]}}],"collection":[{"href":"https:\/\/www.elsindical.com.ar\/notas\/wp-json\/wp\/v2\/posts"}],"about":[{"href":"https:\/\/www.elsindical.com.ar\/notas\/wp-json\/wp\/v2\/types\/post"}],"author":[{"embeddable":true,"href":"https:\/\/www.elsindical.com.ar\/notas\/wp-json\/wp\/v2\/users\/1"}],"replies":[{"embeddable":true,"href":"https:\/\/www.elsindical.com.ar\/notas\/wp-json\/wp\/v2\/comments?post=55107"}],"version-history":[{"count":1,"href":"https:\/\/www.elsindical.com.ar\/notas\/wp-json\/wp\/v2\/posts\/55107\/revisions"}],"predecessor-version":[{"id":55109,"href":"https:\/\/www.elsindical.com.ar\/notas\/wp-json\/wp\/v2\/posts\/55107\/revisions\/55109"}],"wp:attachment":[{"href":"https:\/\/www.elsindical.com.ar\/notas\/wp-json\/wp\/v2\/media?parent=55107"}],"wp:term":[{"taxonomy":"category","embeddable":true,"href":"https:\/\/www.elsindical.com.ar\/notas\/wp-json\/wp\/v2\/categories?post=55107"},{"taxonomy":"post_tag","embeddable":true,"href":"https:\/\/www.elsindical.com.ar\/notas\/wp-json\/wp\/v2\/tags?post=55107"}],"curies":[{"name":"wp","href":"https:\/\/api.w.org\/{rel}","templated":true}]}}