{"id":55075,"date":"2015-11-08T18:48:39","date_gmt":"2015-11-08T21:48:39","guid":{"rendered":"http:\/\/www.elsindical.com.ar\/notas\/?p=55075"},"modified":"2015-11-08T18:48:39","modified_gmt":"2015-11-08T21:48:39","slug":"ya-se-pueden-resaltar-mensajes-en-whatsapp","status":"publish","type":"post","link":"https:\/\/www.elsindical.com.ar\/notas\/ya-se-pueden-resaltar-mensajes-en-whatsapp\/","title":{"rendered":"Ya se pueden resaltar mensajes en WhatsApp"},"content":{"rendered":"<p><em><a href=\"http:\/\/www.elsindical.com.ar\/notas\/var\/www\/html\/notas\/wp-content\/uploads\/2015\/11\/destacar-mensaje-WhatsApp.jpg\"><img loading=\"lazy\" decoding=\"async\" class=\"alignnone size-medium wp-image-55076\" src=\"http:\/\/www.elsindical.com.ar\/notas\/var\/www\/html\/notas\/wp-content\/uploads\/2015\/11\/destacar-mensaje-WhatsApp-300x169.jpg\" alt=\"destacar-mensaje-WhatsApp\" width=\"300\" height=\"169\" srcset=\"https:\/\/www.elsindical.com.ar\/notas\/var\/www\/html\/notas\/wp-content\/uploads\/2015\/11\/destacar-mensaje-WhatsApp-300x169.jpg 300w, https:\/\/www.elsindical.com.ar\/notas\/var\/www\/html\/notas\/wp-content\/uploads\/2015\/11\/destacar-mensaje-WhatsApp-500x282.jpg 500w, https:\/\/www.elsindical.com.ar\/notas\/var\/www\/html\/notas\/wp-content\/uploads\/2015\/11\/destacar-mensaje-WhatsApp.jpg 620w\" sizes=\"auto, (max-width: 300px) 100vw, 300px\" \/><\/a>\u00a0 La funci\u00f3n es totalmente la misma que la de iOS y sirve para localizar m\u00e1s r\u00e1pido los mensajes importantes o el contenido que el usuario desee.<\/em><\/p>\n<p>La funci\u00f3n ya se encontraba presente en la versi\u00f3n para iOS, una opci\u00f3n para destacar los mensajes, la cual ya est\u00e1 disponible para la versi\u00f3n de Android.<\/p>\n<p>Para usar la funci\u00f3n y marcar el mensaje con una estrella dentro de una conversaci\u00f3n solo basta con presionar el globo de texto, activar la estrella y es todo, ese mensaje quedara marcado para volver a verlo en el momento que se necesite.<\/p>\n<p>La funci\u00f3n es totalmente la misma que la de iOS y sirve para localizar m\u00e1s r\u00e1pido los mensajes importantes o el contenido que el usuario desee. Los mensajes se podr\u00e1n encontrar en la secci\u00f3n \u201cStarred messages\u201d.<\/p>\n<p>La funci\u00f3n se encuentra disponible en la Versi\u00f3n 2.12.338 que ya se encuentra en el sitio web de WhatsApp. Para poder instalar la aplicaci\u00f3n es necesario habilitar la instalaci\u00f3n de fuentes desconocidas dentro del men\u00fa de Seguridad de Android.<\/p>\n","protected":false},"excerpt":{"rendered":"<p>\u00a0 La funci\u00f3n es totalmente la misma que la de iOS y sirve para localizar m\u00e1s r\u00e1pido los mensajes importantes o el contenido que el usuario desee. La funci\u00f3n ya se encontraba presente en la versi\u00f3n para iOS, una opci\u00f3n para destacar los mensajes, la cual ya est\u00e1 disponible para la versi\u00f3n de Android. Para&hellip;<\/p>\n","protected":false},"author":1,"featured_media":0,"comment_status":"open","ping_status":"open","sticky":false,"template":"","format":"standard","meta":{"footnotes":""},"categories":[29],"tags":[13504,22412,17226,2377,13207],"class_list":["post-55075","post","type-post","status-publish","format-standard","hentry","category-informatica","tag-android","tag-destacar","tag-ios","tag-mensajes","tag-whatsapp"],"_links":{"self":[{"href":"https:\/\/www.elsindical.com.ar\/notas\/wp-json\/wp\/v2\/posts\/55075","targetHints":{"allow":["GET"]}}],"collection":[{"href":"https:\/\/www.elsindical.com.ar\/notas\/wp-json\/wp\/v2\/posts"}],"about":[{"href":"https:\/\/www.elsindical.com.ar\/notas\/wp-json\/wp\/v2\/types\/post"}],"author":[{"embeddable":true,"href":"https:\/\/www.elsindical.com.ar\/notas\/wp-json\/wp\/v2\/users\/1"}],"replies":[{"embeddable":true,"href":"https:\/\/www.elsindical.com.ar\/notas\/wp-json\/wp\/v2\/comments?post=55075"}],"version-history":[{"count":1,"href":"https:\/\/www.elsindical.com.ar\/notas\/wp-json\/wp\/v2\/posts\/55075\/revisions"}],"predecessor-version":[{"id":55077,"href":"https:\/\/www.elsindical.com.ar\/notas\/wp-json\/wp\/v2\/posts\/55075\/revisions\/55077"}],"wp:attachment":[{"href":"https:\/\/www.elsindical.com.ar\/notas\/wp-json\/wp\/v2\/media?parent=55075"}],"wp:term":[{"taxonomy":"category","embeddable":true,"href":"https:\/\/www.elsindical.com.ar\/notas\/wp-json\/wp\/v2\/categories?post=55075"},{"taxonomy":"post_tag","embeddable":true,"href":"https:\/\/www.elsindical.com.ar\/notas\/wp-json\/wp\/v2\/tags?post=55075"}],"curies":[{"name":"wp","href":"https:\/\/api.w.org\/{rel}","templated":true}]}}