{"id":55044,"date":"2015-11-06T16:38:47","date_gmt":"2015-11-06T19:38:47","guid":{"rendered":"http:\/\/www.elsindical.com.ar\/notas\/?p=55044"},"modified":"2015-11-06T16:38:47","modified_gmt":"2015-11-06T19:38:47","slug":"exitoso-allanamiento-de-la-comisaria-1ra-y-el-grupo-halcon","status":"publish","type":"post","link":"https:\/\/www.elsindical.com.ar\/notas\/exitoso-allanamiento-de-la-comisaria-1ra-y-el-grupo-halcon\/","title":{"rendered":"Exitoso allanamiento de la comisar\u00eda 1ra y el Grupo Halc\u00f3n"},"content":{"rendered":"<p><a href=\"http:\/\/www.elsindical.com.ar\/notas\/var\/www\/html\/notas\/wp-content\/uploads\/2015\/11\/allanamiento-cachete-00.jpg\"><img loading=\"lazy\" decoding=\"async\" class=\"alignnone size-medium wp-image-55036\" src=\"http:\/\/www.elsindical.com.ar\/notas\/var\/www\/html\/notas\/wp-content\/uploads\/2015\/11\/allanamiento-cachete-00-300x169.jpg\" alt=\"allanamiento-cachete-00\" width=\"300\" height=\"169\" srcset=\"https:\/\/www.elsindical.com.ar\/notas\/var\/www\/html\/notas\/wp-content\/uploads\/2015\/11\/allanamiento-cachete-00-300x169.jpg 300w, https:\/\/www.elsindical.com.ar\/notas\/var\/www\/html\/notas\/wp-content\/uploads\/2015\/11\/allanamiento-cachete-00-500x281.jpg 500w, https:\/\/www.elsindical.com.ar\/notas\/var\/www\/html\/notas\/wp-content\/uploads\/2015\/11\/allanamiento-cachete-00.jpg 738w\" sizes=\"auto, (max-width: 300px) 100vw, 300px\" \/><\/a>Efectivos de la comisar\u00eda 1ra de Avellaneda, a cargo del Subcomisario Javier Caffarena, con la supervisi\u00f3n de la Coordinaci\u00f3n de Polic\u00eda Avellaneda, a cargo del Comisario Mayor Javier Villar, procedieron a realizar un allanamiento con el apoyo del grupo especial t\u00e1ctico de la Polic\u00eda de la Provincia de Buenos Aires Halc\u00f3n.<\/p>\n<p>El procedimiento policial surgi\u00f3 en cumplimiento de orden de allanamiento firmada por el Juez de Garant\u00edas N\u00ba 10 del Polo Judicial de Avellaneda en causa criminal que investiga la UFI N\u00ba 4 descentralizada, donde se ordenaba el allanamiento y detenci\u00f3n de un conocido delincuente apodado \u00abcachete\u00bb quien ser\u00eda sobrino del barra brava de Boca Richard William Laluz Fern\u00e1ndez, en la vivienda allanada sobre la calle Gutemberg 1279, donde la polic\u00eda encontr\u00f3 varias armas de fuego que por el calibre encuadran en la denominaci\u00f3n arma de guerra, se pod\u00eda observar una escopeta calibre 12\/70, una pistola ametralladora Halc\u00f3n calibre .45 ACP, de gran poder de fuego, dos pistolas calibre 40, una pistola 45, una picana el\u00e9ctrica, un machete, 250 grs. de marihuana compactada y municiones de diversos calibres, documentaci\u00f3n ajena y veh\u00edculos que fueron incautados por la polic\u00eda.<\/p>\n<p>El \u00fanico detenido fue el sindicado \u00abcachete\u00bb\u00a0a pesar que todo lo ilegal se hallaba en el domicilio allanado, que perenecer\u00eda a la due\u00f1a de una conocida parrilla de la localidad de Wilde.<\/p>\n<p><a href=\"http:\/\/www.elsindical.com.ar\/notas\/var\/www\/html\/notas\/wp-content\/uploads\/2015\/11\/allanamiento-cachete-05.jpg\"><img loading=\"lazy\" decoding=\"async\" class=\"alignnone size-medium wp-image-55039\" src=\"http:\/\/www.elsindical.com.ar\/notas\/var\/www\/html\/notas\/wp-content\/uploads\/2015\/11\/allanamiento-cachete-05-300x225.jpg\" alt=\"allanamiento-cachete-05\" width=\"300\" height=\"225\" srcset=\"https:\/\/www.elsindical.com.ar\/notas\/var\/www\/html\/notas\/wp-content\/uploads\/2015\/11\/allanamiento-cachete-05-300x225.jpg 300w, https:\/\/www.elsindical.com.ar\/notas\/var\/www\/html\/notas\/wp-content\/uploads\/2015\/11\/allanamiento-cachete-05-400x300.jpg 400w, https:\/\/www.elsindical.com.ar\/notas\/var\/www\/html\/notas\/wp-content\/uploads\/2015\/11\/allanamiento-cachete-05.jpg 738w\" sizes=\"auto, (max-width: 300px) 100vw, 300px\" \/><\/a> <a href=\"http:\/\/www.elsindical.com.ar\/notas\/var\/www\/html\/notas\/wp-content\/uploads\/2015\/11\/allanamiento-cachete-04.jpg\"><img loading=\"lazy\" decoding=\"async\" class=\"alignnone size-medium wp-image-55040\" src=\"http:\/\/www.elsindical.com.ar\/notas\/var\/www\/html\/notas\/wp-content\/uploads\/2015\/11\/allanamiento-cachete-04-300x225.jpg\" alt=\"allanamiento-cachete-04\" width=\"300\" height=\"225\" srcset=\"https:\/\/www.elsindical.com.ar\/notas\/var\/www\/html\/notas\/wp-content\/uploads\/2015\/11\/allanamiento-cachete-04-300x225.jpg 300w, https:\/\/www.elsindical.com.ar\/notas\/var\/www\/html\/notas\/wp-content\/uploads\/2015\/11\/allanamiento-cachete-04-400x300.jpg 400w, https:\/\/www.elsindical.com.ar\/notas\/var\/www\/html\/notas\/wp-content\/uploads\/2015\/11\/allanamiento-cachete-04.jpg 738w\" sizes=\"auto, (max-width: 300px) 100vw, 300px\" \/><\/a> <a href=\"http:\/\/www.elsindical.com.ar\/notas\/var\/www\/html\/notas\/wp-content\/uploads\/2015\/11\/allanamiento-cachete-03.jpg\"><img loading=\"lazy\" decoding=\"async\" class=\"alignnone size-medium wp-image-55041\" src=\"http:\/\/www.elsindical.com.ar\/notas\/var\/www\/html\/notas\/wp-content\/uploads\/2015\/11\/allanamiento-cachete-03-300x225.jpg\" alt=\"allanamiento-cachete-03\" width=\"300\" height=\"225\" srcset=\"https:\/\/www.elsindical.com.ar\/notas\/var\/www\/html\/notas\/wp-content\/uploads\/2015\/11\/allanamiento-cachete-03-300x225.jpg 300w, https:\/\/www.elsindical.com.ar\/notas\/var\/www\/html\/notas\/wp-content\/uploads\/2015\/11\/allanamiento-cachete-03-400x300.jpg 400w, https:\/\/www.elsindical.com.ar\/notas\/var\/www\/html\/notas\/wp-content\/uploads\/2015\/11\/allanamiento-cachete-03.jpg 738w\" sizes=\"auto, (max-width: 300px) 100vw, 300px\" \/><\/a> <a href=\"http:\/\/www.elsindical.com.ar\/notas\/var\/www\/html\/notas\/wp-content\/uploads\/2015\/11\/allanamiento-cachete-02.jpg\"><img loading=\"lazy\" decoding=\"async\" class=\"alignnone size-medium wp-image-55042\" src=\"http:\/\/www.elsindical.com.ar\/notas\/var\/www\/html\/notas\/wp-content\/uploads\/2015\/11\/allanamiento-cachete-02-300x225.jpg\" alt=\"allanamiento-cachete-02\" width=\"300\" height=\"225\" srcset=\"https:\/\/www.elsindical.com.ar\/notas\/var\/www\/html\/notas\/wp-content\/uploads\/2015\/11\/allanamiento-cachete-02-300x225.jpg 300w, https:\/\/www.elsindical.com.ar\/notas\/var\/www\/html\/notas\/wp-content\/uploads\/2015\/11\/allanamiento-cachete-02-400x300.jpg 400w, https:\/\/www.elsindical.com.ar\/notas\/var\/www\/html\/notas\/wp-content\/uploads\/2015\/11\/allanamiento-cachete-02.jpg 738w\" sizes=\"auto, (max-width: 300px) 100vw, 300px\" \/><\/a> <a href=\"http:\/\/www.elsindical.com.ar\/notas\/var\/www\/html\/notas\/wp-content\/uploads\/2015\/11\/allanamiento-cachete-01.jpg\"><img loading=\"lazy\" decoding=\"async\" class=\"alignnone size-medium wp-image-55043\" src=\"http:\/\/www.elsindical.com.ar\/notas\/var\/www\/html\/notas\/wp-content\/uploads\/2015\/11\/allanamiento-cachete-01-300x225.jpg\" alt=\"allanamiento-cachete-01\" width=\"300\" height=\"225\" srcset=\"https:\/\/www.elsindical.com.ar\/notas\/var\/www\/html\/notas\/wp-content\/uploads\/2015\/11\/allanamiento-cachete-01-300x225.jpg 300w, https:\/\/www.elsindical.com.ar\/notas\/var\/www\/html\/notas\/wp-content\/uploads\/2015\/11\/allanamiento-cachete-01-400x300.jpg 400w, https:\/\/www.elsindical.com.ar\/notas\/var\/www\/html\/notas\/wp-content\/uploads\/2015\/11\/allanamiento-cachete-01.jpg 738w\" sizes=\"auto, (max-width: 300px) 100vw, 300px\" \/><\/a><\/p>\n","protected":false},"excerpt":{"rendered":"<p>Efectivos de la comisar\u00eda 1ra de Avellaneda, a cargo del Subcomisario Javier Caffarena, con la supervisi\u00f3n de la Coordinaci\u00f3n de Polic\u00eda Avellaneda, a cargo del Comisario Mayor Javier Villar, procedieron a realizar un allanamiento con el apoyo del grupo especial t\u00e1ctico de la Polic\u00eda de la Provincia de Buenos Aires Halc\u00f3n. El procedimiento policial surgi\u00f3&hellip;<\/p>\n","protected":false},"author":1,"featured_media":0,"comment_status":"open","ping_status":"open","sticky":false,"template":"","format":"standard","meta":{"footnotes":""},"categories":[22],"tags":[138,424,8848,22301,22300,21241,11687],"class_list":["post-55044","post","type-post","status-publish","format-standard","hentry","category-policiales","tag-allanamiento","tag-armas","tag-comisaria-1ra","tag-comisario-mayor-javier-carlos-villar","tag-coordinacion-de-policia-avellaneda","tag-subcomisario-javier-alejandro-caffarena","tag-ufi-4"],"_links":{"self":[{"href":"https:\/\/www.elsindical.com.ar\/notas\/wp-json\/wp\/v2\/posts\/55044","targetHints":{"allow":["GET"]}}],"collection":[{"href":"https:\/\/www.elsindical.com.ar\/notas\/wp-json\/wp\/v2\/posts"}],"about":[{"href":"https:\/\/www.elsindical.com.ar\/notas\/wp-json\/wp\/v2\/types\/post"}],"author":[{"embeddable":true,"href":"https:\/\/www.elsindical.com.ar\/notas\/wp-json\/wp\/v2\/users\/1"}],"replies":[{"embeddable":true,"href":"https:\/\/www.elsindical.com.ar\/notas\/wp-json\/wp\/v2\/comments?post=55044"}],"version-history":[{"count":1,"href":"https:\/\/www.elsindical.com.ar\/notas\/wp-json\/wp\/v2\/posts\/55044\/revisions"}],"predecessor-version":[{"id":55045,"href":"https:\/\/www.elsindical.com.ar\/notas\/wp-json\/wp\/v2\/posts\/55044\/revisions\/55045"}],"wp:attachment":[{"href":"https:\/\/www.elsindical.com.ar\/notas\/wp-json\/wp\/v2\/media?parent=55044"}],"wp:term":[{"taxonomy":"category","embeddable":true,"href":"https:\/\/www.elsindical.com.ar\/notas\/wp-json\/wp\/v2\/categories?post=55044"},{"taxonomy":"post_tag","embeddable":true,"href":"https:\/\/www.elsindical.com.ar\/notas\/wp-json\/wp\/v2\/tags?post=55044"}],"curies":[{"name":"wp","href":"https:\/\/api.w.org\/{rel}","templated":true}]}}