{"id":55007,"date":"2015-11-05T09:51:02","date_gmt":"2015-11-05T12:51:02","guid":{"rendered":"http:\/\/www.elsindical.com.ar\/notas\/?p=55007"},"modified":"2015-11-05T09:51:02","modified_gmt":"2015-11-05T12:51:02","slug":"anuncian-aumento-salarial-del-10-para-trabajadores-judiciales","status":"publish","type":"post","link":"https:\/\/www.elsindical.com.ar\/notas\/anuncian-aumento-salarial-del-10-para-trabajadores-judiciales\/","title":{"rendered":"Anuncian aumento salarial del 10% para trabajadores judiciales"},"content":{"rendered":"<p class=\"copete\"><em><a href=\"http:\/\/www.elsindical.com.ar\/notas\/var\/www\/html\/notas\/wp-content\/uploads\/2010\/06\/Corte-Suprema2.jpg\"><img loading=\"lazy\" decoding=\"async\" class=\"alignnone size-medium wp-image-7057\" src=\"http:\/\/www.elsindical.com.ar\/notas\/var\/www\/html\/notas\/wp-content\/uploads\/2010\/06\/Corte-Suprema2-300x179.jpg\" alt=\"Corte-Suprema2\" width=\"300\" height=\"179\" srcset=\"https:\/\/www.elsindical.com.ar\/notas\/var\/www\/html\/notas\/wp-content\/uploads\/2010\/06\/Corte-Suprema2-300x179.jpg 300w, https:\/\/www.elsindical.com.ar\/notas\/var\/www\/html\/notas\/wp-content\/uploads\/2010\/06\/Corte-Suprema2.jpg 312w\" sizes=\"auto, (max-width: 300px) 100vw, 300px\" \/><\/a>\u00a0 Las subas ser\u00e1n retroactivas a partir del 1\u00b0 de octubre de 2015, para todas las categor\u00edas del escalaf\u00f3n del Poder Judicial de la Naci\u00f3n.<\/em><\/p>\n<p>La Corte Suprema de Justicia de la Naci\u00f3n firm\u00f3 una acordada que establece un <strong>aumento salarial remunerativo y bonificable <\/strong>para todas las categor\u00edas del escalaf\u00f3n del Poder Judicial de la Naci\u00f3n. El incremento es del 10%, a partir del 1\u00b0 de octubre de 2015.<\/p>\n<p>Mediante una acordada firmada por los jueces Ricardo Lorenzetti, Elena Highton de Nolasco, Carlos Fayt y Juan Carlos Maqueda, y Hector Daniel Marchi, secretario de Administraci\u00f3n, la Corte dispuso de \u00abla liquidaci\u00f3n y pago de un <strong>incremento salarial del 10 por ciento<\/strong> a partir del 1\u00ba de octubre de 2015 remunerativo y bonificable para todas las categor\u00edas del escalaf\u00f3n\u00bb.<\/p>\n<p>La acordada lleva el n\u00famero 31\/2015 y establece, adem\u00e1s, solicitarle a la Jefatura de Gabinete de Ministros \u00abla modificaci\u00f3n de las partidas presupuestarias vigentes para afrontar el correspondiente incremento\u00bb.<\/p>\n<p>Desde la Uni\u00f3n de Empleados de Justicia de la Naci\u00f3n celebreron el anuncio y se\u00f1alaron que se trata del <strong>tercer tramo de aumento anual, alcanzando as\u00ed un 33,11%<\/strong>. \u00abOtra vez por sobre la inflaci\u00f3n del a\u00f1o\u00bb, subray\u00f3 el titular del gremio Julio Piumato, quien atriubuy\u00f3 el incremento como un logro de los trabajadores..<\/p>\n","protected":false},"excerpt":{"rendered":"<p>\u00a0 Las subas ser\u00e1n retroactivas a partir del 1\u00b0 de octubre de 2015, para todas las categor\u00edas del escalaf\u00f3n del Poder Judicial de la Naci\u00f3n. La Corte Suprema de Justicia de la Naci\u00f3n firm\u00f3 una acordada que establece un aumento salarial remunerativo y bonificable para todas las categor\u00edas del escalaf\u00f3n del Poder Judicial de la&hellip;<\/p>\n","protected":false},"author":1,"featured_media":0,"comment_status":"open","ping_status":"open","sticky":false,"template":"","format":"standard","meta":{"footnotes":""},"categories":[20],"tags":[357,733,3258,5311],"class_list":["post-55007","post","type-post","status-publish","format-standard","hentry","category-judiciales","tag-aumento","tag-corte-suprema","tag-empleados-judiciales","tag-poder-judicial-de-la-nacion"],"_links":{"self":[{"href":"https:\/\/www.elsindical.com.ar\/notas\/wp-json\/wp\/v2\/posts\/55007","targetHints":{"allow":["GET"]}}],"collection":[{"href":"https:\/\/www.elsindical.com.ar\/notas\/wp-json\/wp\/v2\/posts"}],"about":[{"href":"https:\/\/www.elsindical.com.ar\/notas\/wp-json\/wp\/v2\/types\/post"}],"author":[{"embeddable":true,"href":"https:\/\/www.elsindical.com.ar\/notas\/wp-json\/wp\/v2\/users\/1"}],"replies":[{"embeddable":true,"href":"https:\/\/www.elsindical.com.ar\/notas\/wp-json\/wp\/v2\/comments?post=55007"}],"version-history":[{"count":1,"href":"https:\/\/www.elsindical.com.ar\/notas\/wp-json\/wp\/v2\/posts\/55007\/revisions"}],"predecessor-version":[{"id":55008,"href":"https:\/\/www.elsindical.com.ar\/notas\/wp-json\/wp\/v2\/posts\/55007\/revisions\/55008"}],"wp:attachment":[{"href":"https:\/\/www.elsindical.com.ar\/notas\/wp-json\/wp\/v2\/media?parent=55007"}],"wp:term":[{"taxonomy":"category","embeddable":true,"href":"https:\/\/www.elsindical.com.ar\/notas\/wp-json\/wp\/v2\/categories?post=55007"},{"taxonomy":"post_tag","embeddable":true,"href":"https:\/\/www.elsindical.com.ar\/notas\/wp-json\/wp\/v2\/tags?post=55007"}],"curies":[{"name":"wp","href":"https:\/\/api.w.org\/{rel}","templated":true}]}}