{"id":54984,"date":"2015-11-04T11:31:01","date_gmt":"2015-11-04T14:31:01","guid":{"rendered":"http:\/\/www.elsindical.com.ar\/notas\/?p=54984"},"modified":"2015-11-04T11:31:01","modified_gmt":"2015-11-04T14:31:01","slug":"la-sospechosa-detenida-por-abandonar-a-la-beba-es-policia-bonaerense","status":"publish","type":"post","link":"https:\/\/www.elsindical.com.ar\/notas\/la-sospechosa-detenida-por-abandonar-a-la-beba-es-policia-bonaerense\/","title":{"rendered":"La sospechosa detenida por abandonar a la beba es polic\u00eda bonaerense"},"content":{"rendered":"<p><em><a href=\"http:\/\/www.elsindical.com.ar\/notas\/var\/www\/html\/notas\/wp-content\/uploads\/2015\/11\/mujer-polic\u00eda-abandona-beb\u00e9.jpg\"><img loading=\"lazy\" decoding=\"async\" class=\"alignnone size-medium wp-image-54986\" src=\"http:\/\/www.elsindical.com.ar\/notas\/var\/www\/html\/notas\/wp-content\/uploads\/2015\/11\/mujer-polic\u00eda-abandona-beb\u00e9-300x169.jpg\" alt=\"mujer-polic\u00eda-abandona-beb\u00e9\" width=\"300\" height=\"169\" srcset=\"https:\/\/www.elsindical.com.ar\/notas\/var\/www\/html\/notas\/wp-content\/uploads\/2015\/11\/mujer-polic\u00eda-abandona-beb\u00e9-300x169.jpg 300w, https:\/\/www.elsindical.com.ar\/notas\/var\/www\/html\/notas\/wp-content\/uploads\/2015\/11\/mujer-polic\u00eda-abandona-beb\u00e9-500x281.jpg 500w, https:\/\/www.elsindical.com.ar\/notas\/var\/www\/html\/notas\/wp-content\/uploads\/2015\/11\/mujer-polic\u00eda-abandona-beb\u00e9.jpg 620w\" sizes=\"auto, (max-width: 300px) 100vw, 300px\" \/><\/a>Tiene 27 a\u00f1os y trabaja en el comando de patrulla de La Matanza. Est\u00e1 detenida con asistencia psiqui\u00e1trica tras confirmarse en las pericias que hab\u00eda dado a luz hace pocos d\u00edas.<\/em><\/p>\n<p>Faustina fue abandonada con restos de placenta y el cord\u00f3n umbilical adentro de una bolsa de residuo en la puerta de los ba\u00f1os de una estaci\u00f3n de servicio de Mataderos. Hoy vive de milagro y est\u00e1 bajo el cuidado intensivo de m\u00e9dicos y enfermeras del Hospital Santojanni, donde se present\u00f3 por voluntad propia la pareja acusada de cometer abandono de persona en un intento por desvincularse de la tentativa de homicidio.<\/p>\n<p>El relato del hombre \u2013identificado como Marcos Arjona (28)- no convenci\u00f3 a las autoridades del hospital ni al fiscal que lleva adelante el caso. Pese a haber sido filmado por las c\u00e1maras de seguridad de la estaci\u00f3n de servicio, \u00e9l dijo desconocer que Gabriela Fern\u00e1ndez (27) estaba embarazada e insisti\u00f3 que le alcanz\u00f3 ap\u00f3sitos porque estaba descompuesta. No obstante, la mujer qued\u00f3 complicada luego que las pericias confirmaran que dio a luz hace pocos d\u00edas, mientras se esperan los resultados de ADN que determinar\u00e1n su condena.<\/p>\n<p>La mujer es polic\u00eda de la Bonaerense y trabaja en el comando de patrulla de La Matanza. Seg\u00fan trascendi\u00f3, se encuentra detenida en la Unidad 28 de la alcaid\u00eda del Palacio de Tribunales bajo asistencia psiqui\u00e1trica. En su declaraci\u00f3n ante el juez de instrucci\u00f3n Hern\u00e1n L\u00f3pez, neg\u00f3 haber estado embarazada y haber abandonado a la beba, pese a que su dudoso comportamiento en las im\u00e1genes difundidas la comprometen as\u00ed como los resultados de los estudios m\u00e9dicos.<\/p>\n<p>\u00abLa revisi\u00f3n m\u00e9dica determin\u00f3 que el cuerpo es compatible con una mujer que dio a luz en los \u00faltimos d\u00edas\u00bb, afirmaron fuentes judiciales tras los an\u00e1lisis de sangre y las dos revisiones ginecol\u00f3gicas que se le practicaron a la acusada: una realizada por especialistas en la comisar\u00eda 48 de Villa Lugano y la otra por el Cuerpo M\u00e9dico Forense.<\/p>\n<p>En tanto, el hombre sigue negando que su mujer haya estado embarazada, pese a que las im\u00e1genes lo mostraron nervioso comprando toallitas femeninas en el shop de la estaci\u00f3n y esperando atento a la mujer en la puerta del ba\u00f1o junto a una menor que entraba y sal\u00eda del sanitario pas\u00e1ndole informaci\u00f3n.<\/p>\n<p>De comprobarse la paternidad de los acusados, podr\u00edan cumplir penas de entre 2 y 6 a\u00f1os por abandono de persona y tentativa de homicidio por haber tirado a la beba en una bolsa. En tanto, Faustina (como fue apodada por los m\u00e9dicos), evoluciona perfectamente y ya toma biber\u00f3n \u00absin dificultades\u00bb. Un comunicado del Hospital Santojanni revel\u00f3 que pesa 3,5 Kg y que est\u00e1 muy contenida por todo el personal del establecimiento m\u00e9dico. El director de centro asistencial, Sergio Auger, precis\u00f3 que la beba lleg\u00f3 con un cuadro de hipotermia agudo que pudo haberle costado la vida si no era vista por gente que hac\u00eda la cola para entrar al ba\u00f1o de esa estaci\u00f3n de servicio. Con la difusi\u00f3n del caso, hay varias familias interesadas en adoptar a Faustina, aunque se inform\u00f3 que su futuro ser\u00e1 definido por el Juzgado Nacional en lo Civil 81 de la Ciudad.<\/p>\n<p><a href=\"http:\/\/www.elsindical.com.ar\/notas\/var\/www\/html\/notas\/wp-content\/uploads\/2015\/11\/Faustina-rescatada.jpg\"><img loading=\"lazy\" decoding=\"async\" class=\"alignnone size-medium wp-image-54985\" src=\"http:\/\/www.elsindical.com.ar\/notas\/var\/www\/html\/notas\/wp-content\/uploads\/2015\/11\/Faustina-rescatada-300x176.jpg\" alt=\"Faustina-rescatada\" width=\"300\" height=\"176\" srcset=\"https:\/\/www.elsindical.com.ar\/notas\/var\/www\/html\/notas\/wp-content\/uploads\/2015\/11\/Faustina-rescatada-300x176.jpg 300w, https:\/\/www.elsindical.com.ar\/notas\/var\/www\/html\/notas\/wp-content\/uploads\/2015\/11\/Faustina-rescatada-500x293.jpg 500w, https:\/\/www.elsindical.com.ar\/notas\/var\/www\/html\/notas\/wp-content\/uploads\/2015\/11\/Faustina-rescatada.jpg 620w\" sizes=\"auto, (max-width: 300px) 100vw, 300px\" \/><\/a><\/p>\n<p>&nbsp;<\/p>\n","protected":false},"excerpt":{"rendered":"<p>Tiene 27 a\u00f1os y trabaja en el comando de patrulla de La Matanza. Est\u00e1 detenida con asistencia psiqui\u00e1trica tras confirmarse en las pericias que hab\u00eda dado a luz hace pocos d\u00edas. Faustina fue abandonada con restos de placenta y el cord\u00f3n umbilical adentro de una bolsa de residuo en la puerta de los ba\u00f1os de&hellip;<\/p>\n","protected":false},"author":1,"featured_media":0,"comment_status":"open","ping_status":"open","sticky":false,"template":"","format":"standard","meta":{"footnotes":""},"categories":[20],"tags":[22396,361,237,5983,22395,22397,921,22398],"class_list":["post-54984","post","type-post","status-publish","format-standard","hentry","category-judiciales","tag-abandonada","tag-bebe","tag-detenida","tag-estacion-de-servicio","tag-faustina","tag-gabriela-fernandez","tag-madre","tag-marcos-arjona"],"_links":{"self":[{"href":"https:\/\/www.elsindical.com.ar\/notas\/wp-json\/wp\/v2\/posts\/54984","targetHints":{"allow":["GET"]}}],"collection":[{"href":"https:\/\/www.elsindical.com.ar\/notas\/wp-json\/wp\/v2\/posts"}],"about":[{"href":"https:\/\/www.elsindical.com.ar\/notas\/wp-json\/wp\/v2\/types\/post"}],"author":[{"embeddable":true,"href":"https:\/\/www.elsindical.com.ar\/notas\/wp-json\/wp\/v2\/users\/1"}],"replies":[{"embeddable":true,"href":"https:\/\/www.elsindical.com.ar\/notas\/wp-json\/wp\/v2\/comments?post=54984"}],"version-history":[{"count":1,"href":"https:\/\/www.elsindical.com.ar\/notas\/wp-json\/wp\/v2\/posts\/54984\/revisions"}],"predecessor-version":[{"id":54987,"href":"https:\/\/www.elsindical.com.ar\/notas\/wp-json\/wp\/v2\/posts\/54984\/revisions\/54987"}],"wp:attachment":[{"href":"https:\/\/www.elsindical.com.ar\/notas\/wp-json\/wp\/v2\/media?parent=54984"}],"wp:term":[{"taxonomy":"category","embeddable":true,"href":"https:\/\/www.elsindical.com.ar\/notas\/wp-json\/wp\/v2\/categories?post=54984"},{"taxonomy":"post_tag","embeddable":true,"href":"https:\/\/www.elsindical.com.ar\/notas\/wp-json\/wp\/v2\/tags?post=54984"}],"curies":[{"name":"wp","href":"https:\/\/api.w.org\/{rel}","templated":true}]}}