{"id":54976,"date":"2015-11-03T19:38:59","date_gmt":"2015-11-03T22:38:59","guid":{"rendered":"http:\/\/www.elsindical.com.ar\/notas\/?p=54976"},"modified":"2015-11-03T19:38:59","modified_gmt":"2015-11-03T22:38:59","slug":"clientelismo-y-escandalo-sexual-salpica-al-pro","status":"publish","type":"post","link":"https:\/\/www.elsindical.com.ar\/notas\/clientelismo-y-escandalo-sexual-salpica-al-pro\/","title":{"rendered":"Clientelismo y esc\u00e1ndalo sexual salpica al PRO"},"content":{"rendered":"<p><em><a href=\"http:\/\/www.elsindical.com.ar\/notas\/var\/www\/html\/notas\/wp-content\/uploads\/2015\/11\/Mart\u00edn-Bizzotto-del-PRO.jpg\"><img loading=\"lazy\" decoding=\"async\" class=\"alignnone size-medium wp-image-54980\" src=\"http:\/\/www.elsindical.com.ar\/notas\/var\/www\/html\/notas\/wp-content\/uploads\/2015\/11\/Mart\u00edn-Bizzotto-del-PRO-300x158.jpg\" alt=\"Mart\u00edn-Bizzotto-del-PRO\" width=\"300\" height=\"158\" srcset=\"https:\/\/www.elsindical.com.ar\/notas\/var\/www\/html\/notas\/wp-content\/uploads\/2015\/11\/Mart\u00edn-Bizzotto-del-PRO-300x158.jpg 300w, https:\/\/www.elsindical.com.ar\/notas\/var\/www\/html\/notas\/wp-content\/uploads\/2015\/11\/Mart\u00edn-Bizzotto-del-PRO-500x263.jpg 500w, https:\/\/www.elsindical.com.ar\/notas\/var\/www\/html\/notas\/wp-content\/uploads\/2015\/11\/Mart\u00edn-Bizzotto-del-PRO.jpg 620w\" sizes=\"auto, (max-width: 300px) 100vw, 300px\" \/><\/a>\u00a0Un militante que colaboraba en la campa\u00f1a del partido que lidera Mauricio Macri ofrec\u00eda trabajos a promotoras a cambio de sexo. Desde ese espacio reconocieron el hecho y aseguraron que eval\u00faan iniciar acciones legales. El hecho ocurri\u00f3 en el departamento mendocino de Maip\u00fa.<\/em><\/p>\n<p>La sede partidaria del PRO en Maip\u00fa, Mendoza, fue escenario de un esc\u00e1ndalo. Un hombre que hab\u00eda empezado a colaborar con la campa\u00f1a fue acusado de enga\u00f1ar a las promotoras para tener sexo con ellas.<\/p>\n<p>El presidente del PRO en Maip\u00fa, Antonio Bizzotto, quien asegur\u00f3 que el hombre en cuesti\u00f3n dej\u00f3 de ser parte de este espacio pol\u00edtico. \u00abEs un militante que apareci\u00f3 de la noche a la ma\u00f1ana dispuesto a colaborar con el partido. Cuando lleg\u00f3 la primera queja de personas a las que no les pagaba, averiguamos de que se trataba\u00bb, remarc\u00f3.<\/p>\n<p>Si bien el hombre denunciado se hac\u00eda llamar Santiago B. Longo, su verdadero nombre es Mart\u00edn Bizzotto. Seg\u00fan se\u00f1al\u00f3 el presidente del PRO, pese a que llevan el mismo apellido, no son parientes.<\/p>\n<p>El caso se conoci\u00f3 cuando una de las chicas acus\u00f3 \u00abSantiago B. Longo\u00bb a trav\u00e9s de Facebook, contando lo que hab\u00eda pasado y avis\u00e1ndole a la gente que tuviera cuidado con este sujeto. En ese caso, el acusado dijo hablar en nombre del partido y le ofreci\u00f3 un contrato por $20.000 a cambio de hacer promociones para el PRO.<\/p>\n<p>Adem\u00e1s le pidi\u00f3 que consiguiera otras tres chicas para hacer el trabajo, pero nunca fue claro a la hora de explicar las condiciones del empleo. \u00abMientras mejor se porten, m\u00e1s plata\u00bb, le dijo a Agostina Suli\u00e1.<\/p>\n<p>Este no fue el \u00fanico problema en el que este hombre estuvo involucrado. \u00abNo ten\u00eda ning\u00fan cargo en el partido ni ninguna atribuci\u00f3n para hacer contrataciones. Incluso hemos tenido que pagar algunas cosas que el sacaba a nombre nuestro, como impresiones de folletos\u00bb, remarc\u00f3 Bizzotto.<\/p>\n<p>Por este motivo, dej\u00f3 de ser parte del equipo. Y adem\u00e1s se est\u00e1 evaluando la posibilidad de iniciarle acciones legales en su contra, seg\u00fan asegur\u00f3, uno de los trabajadores de confianza de Mauricio Macri, Gustavo Senetiner.<\/p>\n<p>\u00abNo es afiliado al partido, pero todos lo conocemos. Estamos preocupados por lo que pas\u00f3 y ya nos hemos puesto en contacto con las personas a las que les ofreci\u00f3 contratos por cifras desmesuradas\u00bb, explic\u00f3 el concejal por el PRO en la Ciudad de Mendoza.<\/p>\n<p>El individuo utilizaba im\u00e1genes que se realizaron durante la campa\u00f1a, en las que se lo ve acompa\u00f1ando a candidatos nacionales como Mar\u00eda Eugenia Vidal o Elisa Carri\u00f3, para convencer a las promotoras.<\/p>\n<p>Para finalizar dijo que \u00abestaba usando el nombre del PRO y de Mauricio. Ahora que ha crecido tanto el partido, estamos teniendo cuidado respecto a la gente que se est\u00e1 acercando. Estamos a merced de gente que no est\u00e1 en sus cabales\u00bb.<\/p>\n","protected":false},"excerpt":{"rendered":"<p>\u00a0Un militante que colaboraba en la campa\u00f1a del partido que lidera Mauricio Macri ofrec\u00eda trabajos a promotoras a cambio de sexo. Desde ese espacio reconocieron el hecho y aseguraron que eval\u00faan iniciar acciones legales. El hecho ocurri\u00f3 en el departamento mendocino de Maip\u00fa. La sede partidaria del PRO en Maip\u00fa, Mendoza, fue escenario de un&hellip;<\/p>\n","protected":false},"author":1,"featured_media":0,"comment_status":"open","ping_status":"open","sticky":false,"template":"","format":"standard","meta":{"footnotes":""},"categories":[6],"tags":[22392,18182,22394,76,571,328,22393,241],"class_list":["post-54976","post","type-post","status-publish","format-standard","hentry","category-denuncias","tag-antonio-bizzotto","tag-clientelismo","tag-martin-bizzotto","tag-mauricio-macri","tag-mendoza","tag-pro","tag-santiago-b-longo","tag-sexo"],"_links":{"self":[{"href":"https:\/\/www.elsindical.com.ar\/notas\/wp-json\/wp\/v2\/posts\/54976","targetHints":{"allow":["GET"]}}],"collection":[{"href":"https:\/\/www.elsindical.com.ar\/notas\/wp-json\/wp\/v2\/posts"}],"about":[{"href":"https:\/\/www.elsindical.com.ar\/notas\/wp-json\/wp\/v2\/types\/post"}],"author":[{"embeddable":true,"href":"https:\/\/www.elsindical.com.ar\/notas\/wp-json\/wp\/v2\/users\/1"}],"replies":[{"embeddable":true,"href":"https:\/\/www.elsindical.com.ar\/notas\/wp-json\/wp\/v2\/comments?post=54976"}],"version-history":[{"count":1,"href":"https:\/\/www.elsindical.com.ar\/notas\/wp-json\/wp\/v2\/posts\/54976\/revisions"}],"predecessor-version":[{"id":54981,"href":"https:\/\/www.elsindical.com.ar\/notas\/wp-json\/wp\/v2\/posts\/54976\/revisions\/54981"}],"wp:attachment":[{"href":"https:\/\/www.elsindical.com.ar\/notas\/wp-json\/wp\/v2\/media?parent=54976"}],"wp:term":[{"taxonomy":"category","embeddable":true,"href":"https:\/\/www.elsindical.com.ar\/notas\/wp-json\/wp\/v2\/categories?post=54976"},{"taxonomy":"post_tag","embeddable":true,"href":"https:\/\/www.elsindical.com.ar\/notas\/wp-json\/wp\/v2\/tags?post=54976"}],"curies":[{"name":"wp","href":"https:\/\/api.w.org\/{rel}","templated":true}]}}