{"id":54958,"date":"2015-11-03T13:10:12","date_gmt":"2015-11-03T16:10:12","guid":{"rendered":"http:\/\/www.elsindical.com.ar\/notas\/?p=54958"},"modified":"2015-11-03T13:10:12","modified_gmt":"2015-11-03T16:10:12","slug":"gremio-del-subte-amenaza-con-nuevos-paros-y-bloqueos","status":"publish","type":"post","link":"https:\/\/www.elsindical.com.ar\/notas\/gremio-del-subte-amenaza-con-nuevos-paros-y-bloqueos\/","title":{"rendered":"Gremio del subte amenaza con nuevos paros y bloqueos"},"content":{"rendered":"<p class=\"copete\"><em><a href=\"http:\/\/www.elsindical.com.ar\/notas\/var\/www\/html\/notas\/wp-content\/uploads\/2013\/03\/estaci\u00f3n-subte.jpg\"><img loading=\"lazy\" decoding=\"async\" class=\"alignnone size-medium wp-image-33334\" src=\"http:\/\/www.elsindical.com.ar\/notas\/var\/www\/html\/notas\/wp-content\/uploads\/2013\/03\/estaci\u00f3n-subte-300x170.jpg\" alt=\"estaci\u00f3n-subte\" width=\"300\" height=\"170\" srcset=\"https:\/\/www.elsindical.com.ar\/notas\/var\/www\/html\/notas\/wp-content\/uploads\/2013\/03\/estaci\u00f3n-subte-300x170.jpg 300w, https:\/\/www.elsindical.com.ar\/notas\/var\/www\/html\/notas\/wp-content\/uploads\/2013\/03\/estaci\u00f3n-subte-500x283.jpg 500w, https:\/\/www.elsindical.com.ar\/notas\/var\/www\/html\/notas\/wp-content\/uploads\/2013\/03\/estaci\u00f3n-subte.jpg 502w\" sizes=\"auto, (max-width: 300px) 100vw, 300px\" \/><\/a>\u00a0 El STS anunci\u00f3 que fracasaron las negociaciones con la empresa Metrov\u00edas y volver\u00edan a reclamar por mayor seguridad en el \u00e1mbito laboral.<\/em><\/p>\n<p>Dirigentes del <strong>Sindicato de Trabajadores de Subterr\u00e1neos (STS)<\/strong> anunciaron que volver\u00e1n a efectuar medidas de fuerza tras fracasar las negociaciones con la empresa concesionaria del servicio de subte Metrov\u00edas, en el marco de un reclamo por mayor seguridad para los obreros del sector.<\/p>\n<p>\u00abDesde el Sindicato queremos hacer saber a todos los usuarios del servicio de subterr\u00e1neos, que <strong>se han roto las negociaciones con la concesionaria Metrov\u00edas<\/strong>, dentro de \u00e1mbito de la Subsecretar\u00eda de Trabajo de la Ciudad de Buenos Aires\u00bb, informaron a trav\u00e9s de un comunicado.<\/p>\n<p>Las gestiones con la empresa y con autoridades del gobierno de <strong>Mauricio Macri<\/strong> comenzaron luego de la medida de fuerza realizada el pasado 22 de octubre por el gremio que conduce <strong>Ra\u00fal Ger\u00f3nimo<\/strong>, y que gener\u00f3 complicaciones en la l\u00ednea B del subte.<\/p>\n<p>\u00abTras la superaci\u00f3n de la medida de fuerza, y un cuarto intermedio hasta el viernes pasado,<strong> no ha habido ninguna respuesta favorable a nuestros pedidos<\/strong>, ni tampoco han concurrido representante alguno de la Polic\u00eda Metropolitana para consensuar una mejora en la seguridad del \u00e1mbito laboral del subterr\u00e1neo\u00bb, explicaron.<\/p>\n<p>En consecuencia, la organizaci\u00f3n sindical inform\u00f3 que \u00abretomar\u00e1n las medidas de paralizaci\u00f3n del servicio de subterr\u00e1neo a partir de esta semana\u00bb. Los trabajadores, afiliados al nuevo gremio del sector, reclaman mayor seguridad y mejoras en el mantenimiento de los coches.<\/p>\n","protected":false},"excerpt":{"rendered":"<p>\u00a0 El STS anunci\u00f3 que fracasaron las negociaciones con la empresa Metrov\u00edas y volver\u00edan a reclamar por mayor seguridad en el \u00e1mbito laboral. Dirigentes del Sindicato de Trabajadores de Subterr\u00e1neos (STS) anunciaron que volver\u00e1n a efectuar medidas de fuerza tras fracasar las negociaciones con la empresa concesionaria del servicio de subte Metrov\u00edas, en el marco&hellip;<\/p>\n","protected":false},"author":1,"featured_media":0,"comment_status":"open","ping_status":"open","sticky":false,"template":"","format":"standard","meta":{"footnotes":""},"categories":[16],"tags":[873,350,67,22385,20871],"class_list":["post-54958","post","type-post","status-publish","format-standard","hentry","category-gremiales","tag-gremio","tag-metrovias","tag-paro","tag-raul-geronimo","tag-sts"],"_links":{"self":[{"href":"https:\/\/www.elsindical.com.ar\/notas\/wp-json\/wp\/v2\/posts\/54958","targetHints":{"allow":["GET"]}}],"collection":[{"href":"https:\/\/www.elsindical.com.ar\/notas\/wp-json\/wp\/v2\/posts"}],"about":[{"href":"https:\/\/www.elsindical.com.ar\/notas\/wp-json\/wp\/v2\/types\/post"}],"author":[{"embeddable":true,"href":"https:\/\/www.elsindical.com.ar\/notas\/wp-json\/wp\/v2\/users\/1"}],"replies":[{"embeddable":true,"href":"https:\/\/www.elsindical.com.ar\/notas\/wp-json\/wp\/v2\/comments?post=54958"}],"version-history":[{"count":1,"href":"https:\/\/www.elsindical.com.ar\/notas\/wp-json\/wp\/v2\/posts\/54958\/revisions"}],"predecessor-version":[{"id":54959,"href":"https:\/\/www.elsindical.com.ar\/notas\/wp-json\/wp\/v2\/posts\/54958\/revisions\/54959"}],"wp:attachment":[{"href":"https:\/\/www.elsindical.com.ar\/notas\/wp-json\/wp\/v2\/media?parent=54958"}],"wp:term":[{"taxonomy":"category","embeddable":true,"href":"https:\/\/www.elsindical.com.ar\/notas\/wp-json\/wp\/v2\/categories?post=54958"},{"taxonomy":"post_tag","embeddable":true,"href":"https:\/\/www.elsindical.com.ar\/notas\/wp-json\/wp\/v2\/tags?post=54958"}],"curies":[{"name":"wp","href":"https:\/\/api.w.org\/{rel}","templated":true}]}}