{"id":54949,"date":"2015-11-03T12:21:20","date_gmt":"2015-11-03T15:21:20","guid":{"rendered":"http:\/\/www.elsindical.com.ar\/notas\/?p=54949"},"modified":"2015-11-03T12:21:20","modified_gmt":"2015-11-03T15:21:20","slug":"evacuaron-el-ministerio-de-salud-por-una-amenaza-de-bomba","status":"publish","type":"post","link":"https:\/\/www.elsindical.com.ar\/notas\/evacuaron-el-ministerio-de-salud-por-una-amenaza-de-bomba\/","title":{"rendered":"Evacuaron el ministerio de Salud por una amenaza de bomba"},"content":{"rendered":"<p class=\"p1 newDetailTextChange\"><a href=\"http:\/\/www.elsindical.com.ar\/notas\/var\/www\/html\/notas\/wp-content\/uploads\/2015\/11\/ministerios-evacuados.jpg\"><img loading=\"lazy\" decoding=\"async\" class=\"alignnone size-medium wp-image-54950\" src=\"http:\/\/www.elsindical.com.ar\/notas\/var\/www\/html\/notas\/wp-content\/uploads\/2015\/11\/ministerios-evacuados-300x170.jpg\" alt=\"ministerios-evacuados\" width=\"300\" height=\"170\" srcset=\"https:\/\/www.elsindical.com.ar\/notas\/var\/www\/html\/notas\/wp-content\/uploads\/2015\/11\/ministerios-evacuados-300x170.jpg 300w, https:\/\/www.elsindical.com.ar\/notas\/var\/www\/html\/notas\/wp-content\/uploads\/2015\/11\/ministerios-evacuados-500x284.jpg 500w, https:\/\/www.elsindical.com.ar\/notas\/var\/www\/html\/notas\/wp-content\/uploads\/2015\/11\/ministerios-evacuados.jpg 620w\" sizes=\"auto, (max-width: 300px) 100vw, 300px\" \/><\/a>\u00a0 Ocurri\u00f3 en la ma\u00f1ana del martes y las autoridades ordenaron desalojar r\u00e1pidamente el edificio. Como consecuencia de esto, es muy dif\u00edcil transitar por el microcentro porte\u00f1o.<\/p>\n<p class=\"p1 newDetailTextChange\">A\u00fan no se ha podido clarificar de d\u00f3nde provino la llamada, ni se informo si alguien o alg\u00fan grupo se hizo cargo de la amenaza de bomba, en medio de una furiosa campa\u00f1a pol\u00edtica de vista al ballotage.<\/p>\n<p class=\"p1 newDetailTextChange\">\n","protected":false},"excerpt":{"rendered":"<p>\u00a0 Ocurri\u00f3 en la ma\u00f1ana del martes y las autoridades ordenaron desalojar r\u00e1pidamente el edificio. Como consecuencia de esto, es muy dif\u00edcil transitar por el microcentro porte\u00f1o. A\u00fan no se ha podido clarificar de d\u00f3nde provino la llamada, ni se informo si alguien o alg\u00fan grupo se hizo cargo de la amenaza de bomba, en&hellip;<\/p>\n","protected":false},"author":1,"featured_media":0,"comment_status":"open","ping_status":"open","sticky":false,"template":"","format":"standard","meta":{"footnotes":""},"categories":[6],"tags":[14495,1801,22384],"class_list":["post-54949","post","type-post","status-publish","format-standard","hentry","category-denuncias","tag-evacuacion","tag-microcentro","tag-ministerios-de-desarrollo-y-salud"],"_links":{"self":[{"href":"https:\/\/www.elsindical.com.ar\/notas\/wp-json\/wp\/v2\/posts\/54949","targetHints":{"allow":["GET"]}}],"collection":[{"href":"https:\/\/www.elsindical.com.ar\/notas\/wp-json\/wp\/v2\/posts"}],"about":[{"href":"https:\/\/www.elsindical.com.ar\/notas\/wp-json\/wp\/v2\/types\/post"}],"author":[{"embeddable":true,"href":"https:\/\/www.elsindical.com.ar\/notas\/wp-json\/wp\/v2\/users\/1"}],"replies":[{"embeddable":true,"href":"https:\/\/www.elsindical.com.ar\/notas\/wp-json\/wp\/v2\/comments?post=54949"}],"version-history":[{"count":1,"href":"https:\/\/www.elsindical.com.ar\/notas\/wp-json\/wp\/v2\/posts\/54949\/revisions"}],"predecessor-version":[{"id":54951,"href":"https:\/\/www.elsindical.com.ar\/notas\/wp-json\/wp\/v2\/posts\/54949\/revisions\/54951"}],"wp:attachment":[{"href":"https:\/\/www.elsindical.com.ar\/notas\/wp-json\/wp\/v2\/media?parent=54949"}],"wp:term":[{"taxonomy":"category","embeddable":true,"href":"https:\/\/www.elsindical.com.ar\/notas\/wp-json\/wp\/v2\/categories?post=54949"},{"taxonomy":"post_tag","embeddable":true,"href":"https:\/\/www.elsindical.com.ar\/notas\/wp-json\/wp\/v2\/tags?post=54949"}],"curies":[{"name":"wp","href":"https:\/\/api.w.org\/{rel}","templated":true}]}}