{"id":54689,"date":"2015-10-22T08:16:09","date_gmt":"2015-10-22T11:16:09","guid":{"rendered":"http:\/\/www.elsindical.com.ar\/notas\/?p=54689"},"modified":"2015-10-22T08:16:09","modified_gmt":"2015-10-22T11:16:09","slug":"argentina-es-un-pais-de-fabricacion-de-drogas","status":"publish","type":"post","link":"https:\/\/www.elsindical.com.ar\/notas\/argentina-es-un-pais-de-fabricacion-de-drogas\/","title":{"rendered":"\u00abArgentina es un pa\u00eds de fabricaci\u00f3n de drogas\u00bb"},"content":{"rendered":"<p><em>\u00a0<a href=\"http:\/\/www.elsindical.com.ar\/notas\/var\/www\/html\/notas\/wp-content\/uploads\/2013\/10\/droga-secuestrada-a-narcos.jpg\"><img loading=\"lazy\" decoding=\"async\" class=\"alignnone size-medium wp-image-38416\" src=\"http:\/\/www.elsindical.com.ar\/notas\/var\/www\/html\/notas\/wp-content\/uploads\/2013\/10\/droga-secuestrada-a-narcos-300x201.jpg\" alt=\"droga-secuestrada-a-narcos\" width=\"300\" height=\"201\" srcset=\"https:\/\/www.elsindical.com.ar\/notas\/var\/www\/html\/notas\/wp-content\/uploads\/2013\/10\/droga-secuestrada-a-narcos-300x201.jpg 300w, https:\/\/www.elsindical.com.ar\/notas\/var\/www\/html\/notas\/wp-content\/uploads\/2013\/10\/droga-secuestrada-a-narcos-447x300.jpg 447w, https:\/\/www.elsindical.com.ar\/notas\/var\/www\/html\/notas\/wp-content\/uploads\/2013\/10\/droga-secuestrada-a-narcos.jpg 531w\" sizes=\"auto, (max-width: 300px) 100vw, 300px\" \/><\/a> As\u00ed lo aseguraron desde el Observatorio de Prevenci\u00f3n del Narcotr\u00e1fico. Adem\u00e1s, lamentaron que \u00ablas pol\u00edticas de prevenci\u00f3n y represi\u00f3n de estupefacientes en nuestro pa\u00eds<b> han sido un verdadero fracaso<\/b>\u00ab.<\/em><\/p>\n<p>El Observatorio de Prevenci\u00f3n del Narcotr\u00e1fico (OPRENAR) advirti\u00f3 este mi\u00e9rcoles que \u00aba casi 40 a\u00f1os de aprobado el Acuerdo Sudamericano sobre Estupefacientes y Psicotr\u00f3picos, <b>las pol\u00edticas de prevenci\u00f3n y de represi\u00f3n del tr\u00e1fico il\u00edcito de estupefacientes en nuestro pa\u00eds han sido un verdadero fracaso<\/b>\u00ab.<\/p>\n<p>Adem\u00e1s, alert\u00f3 que la situaci\u00f3n respecto del avance del narcotr\u00e1fico en nuestro pa\u00eds <b>\u00abse ha agravado\u00bb. <\/b>En ese sentido, argumentaron que \u00abInformes de la Oficina de Naciones Unidas contra las Drogas y el Crimen (ONUDC) dan cuenta de que<b> la Argentina, comparada con otros pa\u00edses de la regi\u00f3n, tiene la tasa m\u00e1s alta de consumo de coca\u00edna y de anfetaminas, y es la primera o la segunda en cuanto a fumadores de marihuana<\/b>\u00ab.<\/p>\n<p>En su preocupante an\u00e1lisis, OPRENAR alerta que \u00aben los \u00faltimos tiempos, nuestro pa\u00eds ha dejado de ser \u00fanicamente de tr\u00e1nsito para convertirse en<b> una naci\u00f3n de consumo y tambi\u00e9n de fabricaci\u00f3n y elaboraci\u00f3n de estupefacientes<\/b>,<b> <\/b>seg\u00fan lo demuestran los allanamientos y desbaratamientos de distintas cocinas de droga\u00bb.<\/p>\n<p>Finalmente, el Observatorio lament\u00f3 que desde el Estado y la Justicia contin\u00faan \u00absin advertir que el real problema se encuentra en los eslabones m\u00e1s altos de la cadena\u00bb, y en consecuencia \u00abnos alejamos m\u00e1s de un real cambio en la materia\u00bb.<\/p>\n","protected":false},"excerpt":{"rendered":"<p>\u00a0 As\u00ed lo aseguraron desde el Observatorio de Prevenci\u00f3n del Narcotr\u00e1fico. Adem\u00e1s, lamentaron que \u00ablas pol\u00edticas de prevenci\u00f3n y represi\u00f3n de estupefacientes en nuestro pa\u00eds han sido un verdadero fracaso\u00ab. El Observatorio de Prevenci\u00f3n del Narcotr\u00e1fico (OPRENAR) advirti\u00f3 este mi\u00e9rcoles que \u00aba casi 40 a\u00f1os de aprobado el Acuerdo Sudamericano sobre Estupefacientes y Psicotr\u00f3picos, las&hellip;<\/p>\n","protected":false},"author":1,"featured_media":0,"comment_status":"open","ping_status":"open","sticky":false,"template":"","format":"standard","meta":{"footnotes":""},"categories":[6],"tags":[127,382,22320,22319],"class_list":["post-54689","post","type-post","status-publish","format-standard","hentry","category-denuncias","tag-argentina","tag-drogas","tag-onudc","tag-oprenar"],"_links":{"self":[{"href":"https:\/\/www.elsindical.com.ar\/notas\/wp-json\/wp\/v2\/posts\/54689","targetHints":{"allow":["GET"]}}],"collection":[{"href":"https:\/\/www.elsindical.com.ar\/notas\/wp-json\/wp\/v2\/posts"}],"about":[{"href":"https:\/\/www.elsindical.com.ar\/notas\/wp-json\/wp\/v2\/types\/post"}],"author":[{"embeddable":true,"href":"https:\/\/www.elsindical.com.ar\/notas\/wp-json\/wp\/v2\/users\/1"}],"replies":[{"embeddable":true,"href":"https:\/\/www.elsindical.com.ar\/notas\/wp-json\/wp\/v2\/comments?post=54689"}],"version-history":[{"count":1,"href":"https:\/\/www.elsindical.com.ar\/notas\/wp-json\/wp\/v2\/posts\/54689\/revisions"}],"predecessor-version":[{"id":54690,"href":"https:\/\/www.elsindical.com.ar\/notas\/wp-json\/wp\/v2\/posts\/54689\/revisions\/54690"}],"wp:attachment":[{"href":"https:\/\/www.elsindical.com.ar\/notas\/wp-json\/wp\/v2\/media?parent=54689"}],"wp:term":[{"taxonomy":"category","embeddable":true,"href":"https:\/\/www.elsindical.com.ar\/notas\/wp-json\/wp\/v2\/categories?post=54689"},{"taxonomy":"post_tag","embeddable":true,"href":"https:\/\/www.elsindical.com.ar\/notas\/wp-json\/wp\/v2\/tags?post=54689"}],"curies":[{"name":"wp","href":"https:\/\/api.w.org\/{rel}","templated":true}]}}