{"id":54686,"date":"2015-10-22T08:11:42","date_gmt":"2015-10-22T11:11:42","guid":{"rendered":"http:\/\/www.elsindical.com.ar\/notas\/?p=54686"},"modified":"2015-10-22T08:11:42","modified_gmt":"2015-10-22T11:11:42","slug":"vuelve-a-estar-interrumpido-el-servicio-de-la-linea-b-de-subte","status":"publish","type":"post","link":"https:\/\/www.elsindical.com.ar\/notas\/vuelve-a-estar-interrumpido-el-servicio-de-la-linea-b-de-subte\/","title":{"rendered":"Vuelve a estar interrumpido el servicio de la l\u00ednea B de subte"},"content":{"rendered":"<p><em><a href=\"http:\/\/www.elsindical.com.ar\/notas\/var\/www\/html\/notas\/wp-content\/uploads\/2015\/10\/L\u00ednea-B-interrumpida.jpg\"><img loading=\"lazy\" decoding=\"async\" class=\"alignnone size-medium wp-image-54687\" src=\"http:\/\/www.elsindical.com.ar\/notas\/var\/www\/html\/notas\/wp-content\/uploads\/2015\/10\/L\u00ednea-B-interrumpida-300x169.jpg\" alt=\"L\u00ednea-B-interrumpida\" width=\"300\" height=\"169\" srcset=\"https:\/\/www.elsindical.com.ar\/notas\/var\/www\/html\/notas\/wp-content\/uploads\/2015\/10\/L\u00ednea-B-interrumpida-300x169.jpg 300w, https:\/\/www.elsindical.com.ar\/notas\/var\/www\/html\/notas\/wp-content\/uploads\/2015\/10\/L\u00ednea-B-interrumpida-500x282.jpg 500w, https:\/\/www.elsindical.com.ar\/notas\/var\/www\/html\/notas\/wp-content\/uploads\/2015\/10\/L\u00ednea-B-interrumpida.jpg 620w\" sizes=\"auto, (max-width: 300px) 100vw, 300px\" \/><\/a>\u00a0 Es la segunda vez esta semana que una medida de fuerza corta la circulaci\u00f3n. Trabajadores, que no son de la UTA ni Metrodelegados, bloquean las v\u00edas en la estaci\u00f3n Lacroze.\u00a0\u00a0\u00a0<\/em><\/p>\n<p>La empresa Metrov\u00edas inform\u00f3 esta madrugada que el servicio de la l\u00ednea B se encuentra interrumpido en todo su recorrido como consecuencia de una medida de fuerza gremial.<\/p>\n<p>Es una nueva protesta en una semana convulsionada en el servicio de subterr\u00e1neos m\u00e1s utilizado de la ciudad de Buenos Aires.<\/p>\n<p>Los trabajadores reclaman la formaci\u00f3n de un nuevo gremio. Con ese objetivo, bloquean desde las 5 de la ma\u00f1ana las v\u00edas de la estaci\u00f3n Lacroze. De esta manera, impiden el normal funcionamiento del servicio.<\/p>\n","protected":false},"excerpt":{"rendered":"<p>\u00a0 Es la segunda vez esta semana que una medida de fuerza corta la circulaci\u00f3n. Trabajadores, que no son de la UTA ni Metrodelegados, bloquean las v\u00edas en la estaci\u00f3n Lacroze.\u00a0\u00a0\u00a0 La empresa Metrov\u00edas inform\u00f3 esta madrugada que el servicio de la l\u00ednea B se encuentra interrumpido en todo su recorrido como consecuencia de una&hellip;<\/p>\n","protected":false},"author":1,"featured_media":0,"comment_status":"open","ping_status":"open","sticky":false,"template":"","format":"standard","meta":{"footnotes":""},"categories":[16],"tags":[22318,4912,876],"class_list":["post-54686","post","type-post","status-publish","format-standard","hentry","category-gremiales","tag-interrumpida","tag-linea-b","tag-subte"],"_links":{"self":[{"href":"https:\/\/www.elsindical.com.ar\/notas\/wp-json\/wp\/v2\/posts\/54686","targetHints":{"allow":["GET"]}}],"collection":[{"href":"https:\/\/www.elsindical.com.ar\/notas\/wp-json\/wp\/v2\/posts"}],"about":[{"href":"https:\/\/www.elsindical.com.ar\/notas\/wp-json\/wp\/v2\/types\/post"}],"author":[{"embeddable":true,"href":"https:\/\/www.elsindical.com.ar\/notas\/wp-json\/wp\/v2\/users\/1"}],"replies":[{"embeddable":true,"href":"https:\/\/www.elsindical.com.ar\/notas\/wp-json\/wp\/v2\/comments?post=54686"}],"version-history":[{"count":1,"href":"https:\/\/www.elsindical.com.ar\/notas\/wp-json\/wp\/v2\/posts\/54686\/revisions"}],"predecessor-version":[{"id":54688,"href":"https:\/\/www.elsindical.com.ar\/notas\/wp-json\/wp\/v2\/posts\/54686\/revisions\/54688"}],"wp:attachment":[{"href":"https:\/\/www.elsindical.com.ar\/notas\/wp-json\/wp\/v2\/media?parent=54686"}],"wp:term":[{"taxonomy":"category","embeddable":true,"href":"https:\/\/www.elsindical.com.ar\/notas\/wp-json\/wp\/v2\/categories?post=54686"},{"taxonomy":"post_tag","embeddable":true,"href":"https:\/\/www.elsindical.com.ar\/notas\/wp-json\/wp\/v2\/tags?post=54686"}],"curies":[{"name":"wp","href":"https:\/\/api.w.org\/{rel}","templated":true}]}}