{"id":54659,"date":"2015-10-20T14:27:41","date_gmt":"2015-10-20T17:27:41","guid":{"rendered":"http:\/\/www.elsindical.com.ar\/notas\/?p=54659"},"modified":"2015-10-20T14:27:41","modified_gmt":"2015-10-20T17:27:41","slug":"avellaneda-diario-el-sindical-en-puesto-de-av-roca-y-25-de-mayo","status":"publish","type":"post","link":"https:\/\/www.elsindical.com.ar\/notas\/avellaneda-diario-el-sindical-en-puesto-de-av-roca-y-25-de-mayo\/","title":{"rendered":"Avellaneda: Diario El Sindical en puesto de Av. Roca y 25 de Mayo"},"content":{"rendered":"<p><a href=\"http:\/\/www.elsindical.com.ar\/notas\/var\/www\/html\/notas\/wp-content\/uploads\/2015\/10\/puesto-diarios-Roca-y-25-de.jpg\"><img loading=\"lazy\" decoding=\"async\" class=\"alignnone size-medium wp-image-54660\" src=\"http:\/\/www.elsindical.com.ar\/notas\/var\/www\/html\/notas\/wp-content\/uploads\/2015\/10\/puesto-diarios-Roca-y-25-de-300x169.jpg\" alt=\"puesto-diarios-Roca-y-25-de\" width=\"300\" height=\"169\" srcset=\"https:\/\/www.elsindical.com.ar\/notas\/var\/www\/html\/notas\/wp-content\/uploads\/2015\/10\/puesto-diarios-Roca-y-25-de-300x169.jpg 300w, https:\/\/www.elsindical.com.ar\/notas\/var\/www\/html\/notas\/wp-content\/uploads\/2015\/10\/puesto-diarios-Roca-y-25-de-500x281.jpg 500w, https:\/\/www.elsindical.com.ar\/notas\/var\/www\/html\/notas\/wp-content\/uploads\/2015\/10\/puesto-diarios-Roca-y-25-de.jpg 738w\" sizes=\"auto, (max-width: 300px) 100vw, 300px\" \/><\/a> Para atender los pedidos de los vecinos de Avellaneda que preguntaban por d\u00f3nde pod\u00edan retirar la edici\u00f3n impresa del Diario El Sindical, a partir de octubre podr\u00e1n retirar el diario en el puesto de diarios y revistas de Av. Roca y 25 de Mayo, donde encontrar\u00e1n adem\u00e1s otras publicaciones y una muy buena atenci\u00f3n.<\/p>\n","protected":false},"excerpt":{"rendered":"<p>Para atender los pedidos de los vecinos de Avellaneda que preguntaban por d\u00f3nde pod\u00edan retirar la edici\u00f3n impresa del Diario El Sindical, a partir de octubre podr\u00e1n retirar el diario en el puesto de diarios y revistas de Av. Roca y 25 de Mayo, donde encontrar\u00e1n adem\u00e1s otras publicaciones y una muy buena atenci\u00f3n.<\/p>\n","protected":false},"author":1,"featured_media":0,"comment_status":"open","ping_status":"open","sticky":false,"template":"","format":"standard","meta":{"footnotes":""},"categories":[20956],"tags":[461,2450,10132,21606,6614],"class_list":["post-54659","post","type-post","status-publish","format-standard","hentry","category-ediciones-impresas","tag-avellaneda","tag-diario-el-sindical","tag-diarios","tag-ediciones-impresas","tag-kiosco"],"_links":{"self":[{"href":"https:\/\/www.elsindical.com.ar\/notas\/wp-json\/wp\/v2\/posts\/54659","targetHints":{"allow":["GET"]}}],"collection":[{"href":"https:\/\/www.elsindical.com.ar\/notas\/wp-json\/wp\/v2\/posts"}],"about":[{"href":"https:\/\/www.elsindical.com.ar\/notas\/wp-json\/wp\/v2\/types\/post"}],"author":[{"embeddable":true,"href":"https:\/\/www.elsindical.com.ar\/notas\/wp-json\/wp\/v2\/users\/1"}],"replies":[{"embeddable":true,"href":"https:\/\/www.elsindical.com.ar\/notas\/wp-json\/wp\/v2\/comments?post=54659"}],"version-history":[{"count":1,"href":"https:\/\/www.elsindical.com.ar\/notas\/wp-json\/wp\/v2\/posts\/54659\/revisions"}],"predecessor-version":[{"id":54661,"href":"https:\/\/www.elsindical.com.ar\/notas\/wp-json\/wp\/v2\/posts\/54659\/revisions\/54661"}],"wp:attachment":[{"href":"https:\/\/www.elsindical.com.ar\/notas\/wp-json\/wp\/v2\/media?parent=54659"}],"wp:term":[{"taxonomy":"category","embeddable":true,"href":"https:\/\/www.elsindical.com.ar\/notas\/wp-json\/wp\/v2\/categories?post=54659"},{"taxonomy":"post_tag","embeddable":true,"href":"https:\/\/www.elsindical.com.ar\/notas\/wp-json\/wp\/v2\/tags?post=54659"}],"curies":[{"name":"wp","href":"https:\/\/api.w.org\/{rel}","templated":true}]}}