{"id":54656,"date":"2015-10-20T13:03:59","date_gmt":"2015-10-20T16:03:59","guid":{"rendered":"http:\/\/www.elsindical.com.ar\/notas\/?p=54656"},"modified":"2015-10-20T13:03:59","modified_gmt":"2015-10-20T16:03:59","slug":"facebook-incorporo-un-sistema-para-alertar-a-los-titulares-de-cuentas-espiadas-por-gobiernos","status":"publish","type":"post","link":"https:\/\/www.elsindical.com.ar\/notas\/facebook-incorporo-un-sistema-para-alertar-a-los-titulares-de-cuentas-espiadas-por-gobiernos\/","title":{"rendered":"Facebook incorpor\u00f3 un sistema para alertar a los titulares de cuentas espiadas por gobiernos"},"content":{"rendered":"<p style=\"font: 16px\/1.6em 'Open Sans', sans-serif; list-style: none; margin: 1.6em 0px; padding: 0px; border: 0px currentColor; color: #222222; text-transform: none; text-indent: 0px; letter-spacing: normal; word-spacing: 0px; white-space: normal; widows: 1; font-size-adjust: none; font-stretch: normal; background-color: #ffffff; -webkit-text-stroke-width: 0px;\"><em><a href=\"http:\/\/www.elsindical.com.ar\/notas\/var\/www\/html\/notas\/wp-content\/uploads\/2015\/10\/alerta-Facebook.jpg\"><img loading=\"lazy\" decoding=\"async\" class=\"alignnone size-medium wp-image-54657\" src=\"http:\/\/www.elsindical.com.ar\/notas\/var\/www\/html\/notas\/wp-content\/uploads\/2015\/10\/alerta-Facebook-300x158.jpg\" alt=\"alerta-Facebook\" width=\"300\" height=\"158\" srcset=\"https:\/\/www.elsindical.com.ar\/notas\/var\/www\/html\/notas\/wp-content\/uploads\/2015\/10\/alerta-Facebook-300x158.jpg 300w, https:\/\/www.elsindical.com.ar\/notas\/var\/www\/html\/notas\/wp-content\/uploads\/2015\/10\/alerta-Facebook-500x263.jpg 500w, https:\/\/www.elsindical.com.ar\/notas\/var\/www\/html\/notas\/wp-content\/uploads\/2015\/10\/alerta-Facebook.jpg 531w\" sizes=\"auto, (max-width: 300px) 100vw, 300px\" \/><\/a>\u00a0 La red social alertar\u00e1 a los usuarios cuando detecte que una cuenta \u201cha sido comprometida por un atacante sospechoso de trabajar en nombre de un Estado-naci\u00f3n\u201d, seg\u00fan explic\u00f3 en un comunicado.<\/em><\/p>\n<p style=\"font: 16px\/1.6em 'Open Sans', sans-serif; list-style: none; margin: 1.6em 0px; padding: 0px; border: 0px currentColor; color: #222222; text-transform: none; text-indent: 0px; letter-spacing: normal; word-spacing: 0px; white-space: normal; widows: 1; font-size-adjust: none; font-stretch: normal; background-color: #ffffff; -webkit-text-stroke-width: 0px;\">\u201cEmpezando desde hoy, vamos a notificarte si creemos que tu cuenta ha sido comprometida por un atacante sospechoso de trabajar en nombre de un Estado-naci\u00f3n\u201d, indic\u00f3 la empresa, y explic\u00f3 que la notificaci\u00f3n brindar\u00e1 las instrucciones para activar el \u201cLogin Approvals\u201d, un mecanismo extra de seguridad.<\/p>\n<p style=\"font: 16px\/1.6em 'Open Sans', sans-serif; list-style: none; margin: 1.6em 0px; padding: 0px; border: 0px currentColor; color: #222222; text-transform: none; text-indent: 0px; letter-spacing: normal; word-spacing: 0px; white-space: normal; widows: 1; font-size-adjust: none; font-stretch: normal; background-color: #ffffff; -webkit-text-stroke-width: 0px;\">Al activar ese proceso, los usuarios supuestamente espiados recibir\u00e1n una alerta cada vez que la red social detecte un ingreso a su cuenta desde un nuevo dispositivo o navegador, con un c\u00f3digo \u00fanico para que sea el \u00fanico que pueda ingresar.<\/p>\n<p style=\"font: 16px\/1.6em 'Open Sans', sans-serif; list-style: none; margin: 1.6em 0px; padding: 0px; border: 0px currentColor; color: #222222; text-transform: none; text-indent: 0px; letter-spacing: normal; word-spacing: 0px; white-space: normal; widows: 1; font-size-adjust: none; font-stretch: normal; background-color: #ffffff; -webkit-text-stroke-width: 0px;\">\u201cHemos decidido mostrar esta alerta adicional si tenemos una fuerte sospecha de que un ataque puede estar auspiciado por un gobierno. Hacemos esto porque estos tipos de ataques tienen a ser m\u00e1s avanzados y peligrosos que otros, y alentamos fuertemente a las personas afectadas a que tomen las acciones necesarias para asegurar todas sus cuentas online\u201d, explic\u00f3 la empresa.<\/p>\n","protected":false},"excerpt":{"rendered":"<p>\u00a0 La red social alertar\u00e1 a los usuarios cuando detecte que una cuenta \u201cha sido comprometida por un atacante sospechoso de trabajar en nombre de un Estado-naci\u00f3n\u201d, seg\u00fan explic\u00f3 en un comunicado. \u201cEmpezando desde hoy, vamos a notificarte si creemos que tu cuenta ha sido comprometida por un atacante sospechoso de trabajar en nombre de&hellip;<\/p>\n","protected":false},"author":1,"featured_media":0,"comment_status":"open","ping_status":"open","sticky":false,"template":"","format":"standard","meta":{"footnotes":""},"categories":[29],"tags":[2126,849,22311,1625],"class_list":["post-54656","post","type-post","status-publish","format-standard","hentry","category-informatica","tag-alerta","tag-estado","tag-login-approvals","tag-red-social"],"_links":{"self":[{"href":"https:\/\/www.elsindical.com.ar\/notas\/wp-json\/wp\/v2\/posts\/54656","targetHints":{"allow":["GET"]}}],"collection":[{"href":"https:\/\/www.elsindical.com.ar\/notas\/wp-json\/wp\/v2\/posts"}],"about":[{"href":"https:\/\/www.elsindical.com.ar\/notas\/wp-json\/wp\/v2\/types\/post"}],"author":[{"embeddable":true,"href":"https:\/\/www.elsindical.com.ar\/notas\/wp-json\/wp\/v2\/users\/1"}],"replies":[{"embeddable":true,"href":"https:\/\/www.elsindical.com.ar\/notas\/wp-json\/wp\/v2\/comments?post=54656"}],"version-history":[{"count":1,"href":"https:\/\/www.elsindical.com.ar\/notas\/wp-json\/wp\/v2\/posts\/54656\/revisions"}],"predecessor-version":[{"id":54658,"href":"https:\/\/www.elsindical.com.ar\/notas\/wp-json\/wp\/v2\/posts\/54656\/revisions\/54658"}],"wp:attachment":[{"href":"https:\/\/www.elsindical.com.ar\/notas\/wp-json\/wp\/v2\/media?parent=54656"}],"wp:term":[{"taxonomy":"category","embeddable":true,"href":"https:\/\/www.elsindical.com.ar\/notas\/wp-json\/wp\/v2\/categories?post=54656"},{"taxonomy":"post_tag","embeddable":true,"href":"https:\/\/www.elsindical.com.ar\/notas\/wp-json\/wp\/v2\/tags?post=54656"}],"curies":[{"name":"wp","href":"https:\/\/api.w.org\/{rel}","templated":true}]}}