{"id":54653,"date":"2015-10-20T12:55:28","date_gmt":"2015-10-20T15:55:28","guid":{"rendered":"http:\/\/www.elsindical.com.ar\/notas\/?p=54653"},"modified":"2015-10-20T12:55:28","modified_gmt":"2015-10-20T15:55:28","slug":"ostende-detienen-a-los-padres-del-bebe-degollado","status":"publish","type":"post","link":"https:\/\/www.elsindical.com.ar\/notas\/ostende-detienen-a-los-padres-del-bebe-degollado\/","title":{"rendered":"Ostende: Detienen a los padres del beb\u00e9 degollado"},"content":{"rendered":"<p><em>\u00a0<a href=\"http:\/\/www.elsindical.com.ar\/notas\/var\/www\/html\/notas\/wp-content\/uploads\/2015\/10\/Claudia-Ayala.jpg\"><img loading=\"lazy\" decoding=\"async\" class=\"alignnone size-medium wp-image-54654\" src=\"http:\/\/www.elsindical.com.ar\/notas\/var\/www\/html\/notas\/wp-content\/uploads\/2015\/10\/Claudia-Ayala-300x158.jpg\" alt=\"Claudia-Ayala\" width=\"300\" height=\"158\" srcset=\"https:\/\/www.elsindical.com.ar\/notas\/var\/www\/html\/notas\/wp-content\/uploads\/2015\/10\/Claudia-Ayala-300x158.jpg 300w, https:\/\/www.elsindical.com.ar\/notas\/var\/www\/html\/notas\/wp-content\/uploads\/2015\/10\/Claudia-Ayala-500x263.jpg 500w, https:\/\/www.elsindical.com.ar\/notas\/var\/www\/html\/notas\/wp-content\/uploads\/2015\/10\/Claudia-Ayala.jpg 502w\" sizes=\"auto, (max-width: 300px) 100vw, 300px\" \/><\/a> Luego de detener a la mam\u00e1 de la criatura,<strong> Claudia Ayala<\/strong> de 22 a\u00f1os, ahora fue aprehendido el padre,<strong>\u00a0Leonardo Aguilera<\/strong>. Los investigadores creen que el hombre asfixi\u00f3 al peque\u00f1o durante una discusi\u00f3n con su ex pareja, y despu\u00e9s traslad\u00f3 y abandon\u00f3 el cuerpo en el descampado.<\/em><\/p>\n<p>El padre del ni\u00f1o hallado asesinado en un descampado de la localidad bonaerense de Ostende fue aprehendido como principal sospechoso del crimen, informaron fuentes policiales.<\/p>\n<p>Los investigadores creen que el acusado, identificado como<strong>\u00a0Leonardo Aguilera\u00a0<\/strong>(30), asfixi\u00f3 a su hijo durante una discusi\u00f3n con una ex pareja y madre del ni\u00f1o,\u00a0cuyo cuerpo pudo haber sido atacado por perros ya que estaba desmembrado.<\/p>\n<p>La principal sospecha de los investigadores es que la v\u00edctima, de nombre<strong> Benjam\u00edn<\/strong>, fue asfixiada cuando su padre y su madre discutieron, pero que no fue degollado ni mutilado por el agresor.\u00a0Una de las hip\u00f3tesis es que el ni\u00f1o era un hijo extra matrimonial de Aguilera y que su ex pareja lo hab\u00eda \u201c<em>amenazado<\/em>\u201d con contarle esta situaci\u00f3n a la actual esposa del imputado, dijeron los voceros.<\/p>\n<p>Las fuentes agregaron que el fiscal <strong>Calder\u00f3n<\/strong> no tom\u00f3 a\u00fan ninguna medida procesal hacia la madre de Benjam\u00edn a quien se dispon\u00eda interrogar en la tarde del lunes.<\/p>\n<p>La joven\u00a0hab\u00eda acusado al padre de ser el\u00a0responsable del asesinato. Pero ahora,\u00a0los investigadores presumen que el caso puede estar vinculado a un conflicto familiar y\u00a0sospechan que al peque\u00f1o lo mataron\u00a0en otro lugar y que, durante la madrugada, fue arrojado a ese descampado.<\/p>\n<p>Otra versi\u00f3n es que el padre del ni\u00f1o le tap\u00f3 la boca a su hijo debido a los llantos de \u00e9ste y que cuando se dio cuenta de que estaba muerto lo llev\u00f3 al descampado y abandon\u00f3 el cuerpo.<\/p>\n<p>En el lugar del hecho, trabajaron\u00a0forenses en el levantamiento de rastros, dijeron las fuentes. Adem\u00e1s, el personal policial buscaba testigos que pudieran haber visto a la persona que arroj\u00f3 el cuerpo de Benjam\u00edn y tambi\u00e9n a vecinos que hayan escuchado la presunta discusi\u00f3n entre sus padres.<\/p>\n","protected":false},"excerpt":{"rendered":"<p>\u00a0 Luego de detener a la mam\u00e1 de la criatura, Claudia Ayala de 22 a\u00f1os, ahora fue aprehendido el padre,\u00a0Leonardo Aguilera. Los investigadores creen que el hombre asfixi\u00f3 al peque\u00f1o durante una discusi\u00f3n con su ex pareja, y despu\u00e9s traslad\u00f3 y abandon\u00f3 el cuerpo en el descampado. El padre del ni\u00f1o hallado asesinado en un&hellip;<\/p>\n","protected":false},"author":1,"featured_media":0,"comment_status":"open","ping_status":"open","sticky":false,"template":"","format":"standard","meta":{"footnotes":""},"categories":[22],"tags":[22310,22308,22309],"class_list":["post-54653","post","type-post","status-publish","format-standard","hentry","category-policiales","tag-benjamin","tag-claudia-ayala","tag-leonardo-aguilera"],"_links":{"self":[{"href":"https:\/\/www.elsindical.com.ar\/notas\/wp-json\/wp\/v2\/posts\/54653","targetHints":{"allow":["GET"]}}],"collection":[{"href":"https:\/\/www.elsindical.com.ar\/notas\/wp-json\/wp\/v2\/posts"}],"about":[{"href":"https:\/\/www.elsindical.com.ar\/notas\/wp-json\/wp\/v2\/types\/post"}],"author":[{"embeddable":true,"href":"https:\/\/www.elsindical.com.ar\/notas\/wp-json\/wp\/v2\/users\/1"}],"replies":[{"embeddable":true,"href":"https:\/\/www.elsindical.com.ar\/notas\/wp-json\/wp\/v2\/comments?post=54653"}],"version-history":[{"count":1,"href":"https:\/\/www.elsindical.com.ar\/notas\/wp-json\/wp\/v2\/posts\/54653\/revisions"}],"predecessor-version":[{"id":54655,"href":"https:\/\/www.elsindical.com.ar\/notas\/wp-json\/wp\/v2\/posts\/54653\/revisions\/54655"}],"wp:attachment":[{"href":"https:\/\/www.elsindical.com.ar\/notas\/wp-json\/wp\/v2\/media?parent=54653"}],"wp:term":[{"taxonomy":"category","embeddable":true,"href":"https:\/\/www.elsindical.com.ar\/notas\/wp-json\/wp\/v2\/categories?post=54653"},{"taxonomy":"post_tag","embeddable":true,"href":"https:\/\/www.elsindical.com.ar\/notas\/wp-json\/wp\/v2\/tags?post=54653"}],"curies":[{"name":"wp","href":"https:\/\/api.w.org\/{rel}","templated":true}]}}