{"id":54440,"date":"2015-10-08T20:05:46","date_gmt":"2015-10-08T23:05:46","guid":{"rendered":"http:\/\/www.elsindical.com.ar\/notas\/?p=54440"},"modified":"2015-10-08T20:05:46","modified_gmt":"2015-10-08T23:05:46","slug":"sesion-del-dia-08-de-octubre-del-2015-hcd-avellaneda","status":"publish","type":"post","link":"https:\/\/www.elsindical.com.ar\/notas\/sesion-del-dia-08-de-octubre-del-2015-hcd-avellaneda\/","title":{"rendered":"Sesi\u00f3n del d\u00eda 08 de octubre del 2015 HCD Avellaneda"},"content":{"rendered":"<p><a href=\"http:\/\/www.elsindical.com.ar\/notas\/var\/www\/html\/notas\/wp-content\/uploads\/2015\/10\/P15501621.jpg\"><img loading=\"lazy\" decoding=\"async\" class=\"alignnone size-medium wp-image-54449\" src=\"http:\/\/www.elsindical.com.ar\/notas\/var\/www\/html\/notas\/wp-content\/uploads\/2015\/10\/P15501621-300x225.jpg\" alt=\"P15501621\" width=\"300\" height=\"225\" srcset=\"https:\/\/www.elsindical.com.ar\/notas\/var\/www\/html\/notas\/wp-content\/uploads\/2015\/10\/P15501621-300x225.jpg 300w, https:\/\/www.elsindical.com.ar\/notas\/var\/www\/html\/notas\/wp-content\/uploads\/2015\/10\/P15501621-400x300.jpg 400w, https:\/\/www.elsindical.com.ar\/notas\/var\/www\/html\/notas\/wp-content\/uploads\/2015\/10\/P15501621.jpg 620w\" sizes=\"auto, (max-width: 300px) 100vw, 300px\" \/><\/a>En una sesi\u00f3n sin sobresaltos, los concejales v<span class=\"Apple-converted-space\">\u00a0<\/span><span id=\"descripcion_audio\">otaron como se podr\u00e1 escuchar en el audio distintas condonaciones de deudas de particulares y empresas, tal vez la que m\u00e1s se destaca es una condonaci\u00f3n de deuda del Colegio P\u00edo XII, por una suma que supera los 400 mil pesos, presentada por el concejal Rodrigo Galetovich de la UCR, quien pidi\u00f3 que se apoye a las empresas que act\u00faan como referentes en la sociedad de Avellaneda, lo curioso, es que se trata tomando las palabras del concejal de una empresa dedicada a la educaci\u00f3n privada, que recibe subsidios del Estado, que cobra una cuota y adem\u00e1s hay que condonarle las deudas, parece un negocio redondo si es as\u00ed.<\/span><\/p>\n<p>La concejal Ver\u00f3nica Ju\u00e1rez solicit\u00f3 al presidente del HCD, Hugo Barrueco, llame la atenci\u00f3n del secretario del cuerpo, Roberto S\u00edcari, por no colaborar con los concejales, por maltratar a concejales y personal ocasional.<\/p>\n<p>El concejal Ernesto Griego, intent\u00f3 expresarse de forma que se entienda lo que quiere decir y tuvo varias frases desafortunadas que se pueden escuchar en el audio de la sesi\u00f3n, es evidente que su capacidad intelectual le impide comprender muchos aspectos para ser su banca puesta en beneficio de los vecinos y no en beneficio propio, present\u00f3 un proyecto para plantar \u00e1rboles y otras especies en las m\u00e1rgenes del Arroyo Sarand\u00ed, como si eso fuera la soluci\u00f3n a la contaminaci\u00f3n que a diario sufren los vecinos y de la que nadie se ocupa, antes el concejal Benicio Guti\u00e9rrez acompa\u00f1aba el reclamo de los vecinos de forma activa, pero el lineamiento de su jefe pol\u00edtico Cacho \u00c1lvarez con el intendente le bajaron los decibeles.<\/p>\n<p>Una vez m\u00e1s los impresentables del doble discurso, Emanuel Gonz\u00e1lez Santalla, Jorge Degli Innocenti y Manuela S\u00e1nchez, se burlaban de todo lo que a ellos les resulta gracioso, como por ejemplo cuando la concejal Miriam Grai\u00f1o hablaba sobre la violencia de g\u00e9nero, estos re\u00edan y hac\u00edan chistes.<\/p>\n<p>Se presento el coro escolar de la Escuela N\u00ba 27 de Villa Dom\u00ednico, los que luego cantaron en la biblioteca del HCD, una vez que finaliz\u00f3 la sesi\u00f3n.<\/p>\n<p><a href=\"http:\/\/www.elsindical.com.ar\/notas\/var\/www\/html\/notas\/wp-content\/uploads\/2015\/10\/P15502181.jpg\"><img loading=\"lazy\" decoding=\"async\" class=\"alignnone size-medium wp-image-54448\" src=\"http:\/\/www.elsindical.com.ar\/notas\/var\/www\/html\/notas\/wp-content\/uploads\/2015\/10\/P15502181-300x225.jpg\" alt=\"P15502181\" width=\"300\" height=\"225\" srcset=\"https:\/\/www.elsindical.com.ar\/notas\/var\/www\/html\/notas\/wp-content\/uploads\/2015\/10\/P15502181-300x225.jpg 300w, https:\/\/www.elsindical.com.ar\/notas\/var\/www\/html\/notas\/wp-content\/uploads\/2015\/10\/P15502181-400x300.jpg 400w, https:\/\/www.elsindical.com.ar\/notas\/var\/www\/html\/notas\/wp-content\/uploads\/2015\/10\/P15502181.jpg 620w\" sizes=\"auto, (max-width: 300px) 100vw, 300px\" \/><\/a> <a href=\"http:\/\/www.elsindical.com.ar\/notas\/var\/www\/html\/notas\/wp-content\/uploads\/2015\/10\/P1550199.jpg\"><img loading=\"lazy\" decoding=\"async\" class=\"alignnone size-medium wp-image-54447\" src=\"http:\/\/www.elsindical.com.ar\/notas\/var\/www\/html\/notas\/wp-content\/uploads\/2015\/10\/P1550199-300x225.jpg\" alt=\"P1550199\" width=\"300\" height=\"225\" srcset=\"https:\/\/www.elsindical.com.ar\/notas\/var\/www\/html\/notas\/wp-content\/uploads\/2015\/10\/P1550199-300x225.jpg 300w, https:\/\/www.elsindical.com.ar\/notas\/var\/www\/html\/notas\/wp-content\/uploads\/2015\/10\/P1550199-400x300.jpg 400w, https:\/\/www.elsindical.com.ar\/notas\/var\/www\/html\/notas\/wp-content\/uploads\/2015\/10\/P1550199.jpg 620w\" sizes=\"auto, (max-width: 300px) 100vw, 300px\" \/><\/a> <a href=\"http:\/\/www.elsindical.com.ar\/notas\/var\/www\/html\/notas\/wp-content\/uploads\/2015\/10\/P1550113.jpg\"><img loading=\"lazy\" decoding=\"async\" class=\"alignnone size-medium wp-image-54446\" src=\"http:\/\/www.elsindical.com.ar\/notas\/var\/www\/html\/notas\/wp-content\/uploads\/2015\/10\/P1550113-300x225.jpg\" alt=\"P1550113\" width=\"300\" height=\"225\" srcset=\"https:\/\/www.elsindical.com.ar\/notas\/var\/www\/html\/notas\/wp-content\/uploads\/2015\/10\/P1550113-300x225.jpg 300w, https:\/\/www.elsindical.com.ar\/notas\/var\/www\/html\/notas\/wp-content\/uploads\/2015\/10\/P1550113-400x300.jpg 400w, https:\/\/www.elsindical.com.ar\/notas\/var\/www\/html\/notas\/wp-content\/uploads\/2015\/10\/P1550113.jpg 620w\" sizes=\"auto, (max-width: 300px) 100vw, 300px\" \/><\/a> <a href=\"http:\/\/www.elsindical.com.ar\/notas\/var\/www\/html\/notas\/wp-content\/uploads\/2015\/10\/P1550123.jpg\"><img loading=\"lazy\" decoding=\"async\" class=\"alignnone size-medium wp-image-54445\" src=\"http:\/\/www.elsindical.com.ar\/notas\/var\/www\/html\/notas\/wp-content\/uploads\/2015\/10\/P1550123-300x225.jpg\" alt=\"P1550123\" width=\"300\" height=\"225\" srcset=\"https:\/\/www.elsindical.com.ar\/notas\/var\/www\/html\/notas\/wp-content\/uploads\/2015\/10\/P1550123-300x225.jpg 300w, https:\/\/www.elsindical.com.ar\/notas\/var\/www\/html\/notas\/wp-content\/uploads\/2015\/10\/P1550123-400x300.jpg 400w, https:\/\/www.elsindical.com.ar\/notas\/var\/www\/html\/notas\/wp-content\/uploads\/2015\/10\/P1550123.jpg 620w\" sizes=\"auto, (max-width: 300px) 100vw, 300px\" \/><\/a> <a href=\"http:\/\/www.elsindical.com.ar\/notas\/var\/www\/html\/notas\/wp-content\/uploads\/2015\/10\/P1550222.jpg\"><img loading=\"lazy\" decoding=\"async\" class=\"alignnone size-medium wp-image-54444\" src=\"http:\/\/www.elsindical.com.ar\/notas\/var\/www\/html\/notas\/wp-content\/uploads\/2015\/10\/P1550222-300x225.jpg\" alt=\"P1550222\" width=\"300\" height=\"225\" srcset=\"https:\/\/www.elsindical.com.ar\/notas\/var\/www\/html\/notas\/wp-content\/uploads\/2015\/10\/P1550222-300x225.jpg 300w, https:\/\/www.elsindical.com.ar\/notas\/var\/www\/html\/notas\/wp-content\/uploads\/2015\/10\/P1550222-400x300.jpg 400w, https:\/\/www.elsindical.com.ar\/notas\/var\/www\/html\/notas\/wp-content\/uploads\/2015\/10\/P1550222.jpg 620w\" sizes=\"auto, (max-width: 300px) 100vw, 300px\" \/><\/a><\/p>\n<p><iframe loading=\"lazy\" id=\"audio_8866865\" style=\"border: 1px solid #eeeeee; width: 100%; box-sizing: border-box;\" src=\"https:\/\/www.ivoox.com\/player_ej_8866865_4_1.html?c1=ff6600\" width=\"300\" height=\"200\" frameborder=\"0\" scrolling=\"no\" allowfullscreen=\"allowfullscreen\"><\/iframe><\/p>\n<p><iframe loading=\"lazy\" src=\"https:\/\/www.youtube.com\/embed\/h_lo9ClOS5k\" width=\"580\" height=\"420\" frameborder=\"0\" allowfullscreen=\"allowfullscreen\"><\/iframe><\/p>\n<p>&nbsp;<\/p>\n<p><em><strong>Por Marcelo Ricardo Hawrylciw<\/strong><\/em><\/p>\n","protected":false},"excerpt":{"rendered":"<p>En una sesi\u00f3n sin sobresaltos, los concejales v\u00a0otaron como se podr\u00e1 escuchar en el audio distintas condonaciones de deudas de particulares y empresas, tal vez la que m\u00e1s se destaca es una condonaci\u00f3n de deuda del Colegio P\u00edo XII, por una suma que supera los 400 mil pesos, presentada por el concejal Rodrigo Galetovich de&hellip;<\/p>\n","protected":false},"author":1,"featured_media":0,"comment_status":"open","ping_status":"open","sticky":false,"template":"","format":"standard","meta":{"footnotes":""},"categories":[10],"tags":[461,22255,16587,15486,19159,19380],"class_list":["post-54440","post","type-post","status-publish","format-standard","hentry","category-editorial","tag-avellaneda","tag-colegio-pio-xii","tag-hcd","tag-jorge-degli-innocenti","tag-manuela-sanchez","tag-roberto-sicari"],"_links":{"self":[{"href":"https:\/\/www.elsindical.com.ar\/notas\/wp-json\/wp\/v2\/posts\/54440","targetHints":{"allow":["GET"]}}],"collection":[{"href":"https:\/\/www.elsindical.com.ar\/notas\/wp-json\/wp\/v2\/posts"}],"about":[{"href":"https:\/\/www.elsindical.com.ar\/notas\/wp-json\/wp\/v2\/types\/post"}],"author":[{"embeddable":true,"href":"https:\/\/www.elsindical.com.ar\/notas\/wp-json\/wp\/v2\/users\/1"}],"replies":[{"embeddable":true,"href":"https:\/\/www.elsindical.com.ar\/notas\/wp-json\/wp\/v2\/comments?post=54440"}],"version-history":[{"count":5,"href":"https:\/\/www.elsindical.com.ar\/notas\/wp-json\/wp\/v2\/posts\/54440\/revisions"}],"predecessor-version":[{"id":54451,"href":"https:\/\/www.elsindical.com.ar\/notas\/wp-json\/wp\/v2\/posts\/54440\/revisions\/54451"}],"wp:attachment":[{"href":"https:\/\/www.elsindical.com.ar\/notas\/wp-json\/wp\/v2\/media?parent=54440"}],"wp:term":[{"taxonomy":"category","embeddable":true,"href":"https:\/\/www.elsindical.com.ar\/notas\/wp-json\/wp\/v2\/categories?post=54440"},{"taxonomy":"post_tag","embeddable":true,"href":"https:\/\/www.elsindical.com.ar\/notas\/wp-json\/wp\/v2\/tags?post=54440"}],"curies":[{"name":"wp","href":"https:\/\/api.w.org\/{rel}","templated":true}]}}