{"id":54408,"date":"2015-10-07T08:08:19","date_gmt":"2015-10-07T11:08:19","guid":{"rendered":"http:\/\/www.elsindical.com.ar\/notas\/?p=54408"},"modified":"2015-10-07T08:08:19","modified_gmt":"2015-10-07T11:08:19","slug":"el-feto-saca-la-lengua-si-recibe-musica-por-via-vaginal","status":"publish","type":"post","link":"https:\/\/www.elsindical.com.ar\/notas\/el-feto-saca-la-lengua-si-recibe-musica-por-via-vaginal\/","title":{"rendered":"El feto saca la lengua si recibe m\u00fasica por v\u00eda vaginal"},"content":{"rendered":"<p><em><a href=\"http:\/\/www.elsindical.com.ar\/notas\/var\/www\/html\/notas\/wp-content\/uploads\/2015\/10\/eco-beb\u00e9.jpg\"><img loading=\"lazy\" decoding=\"async\" class=\"alignnone size-medium wp-image-54409\" src=\"http:\/\/www.elsindical.com.ar\/notas\/var\/www\/html\/notas\/wp-content\/uploads\/2015\/10\/eco-beb\u00e9-300x169.jpg\" alt=\"eco-beb\u00e9\" width=\"300\" height=\"169\" srcset=\"https:\/\/www.elsindical.com.ar\/notas\/var\/www\/html\/notas\/wp-content\/uploads\/2015\/10\/eco-beb\u00e9-300x169.jpg 300w, https:\/\/www.elsindical.com.ar\/notas\/var\/www\/html\/notas\/wp-content\/uploads\/2015\/10\/eco-beb\u00e9-500x282.jpg 500w, https:\/\/www.elsindical.com.ar\/notas\/var\/www\/html\/notas\/wp-content\/uploads\/2015\/10\/eco-beb\u00e9.jpg 620w\" sizes=\"auto, (max-width: 300px) 100vw, 300px\" \/><\/a>\u00a0Descubierto en fetos de m\u00e1s de 16 semanas de gestaci\u00f3n abren la boca y sacan la lengua, movimientos de vocalizaci\u00f3n previos a la adquisici\u00f3n del lenguaje.<\/em><\/p>\n<p>El Institut Marqus de Barcelona ha descubierto que los fetos de m\u00e1s de 16 semanas de gestaci\u00f3n abren la boca y sacan la lengua -movimientos de vocalizaci\u00f3n previos a la adquisici\u00f3n del lenguaje- si escuchan m\u00fasica con un dispositivo emisor situado en la vagina de la madre.<\/p>\n<p>La investigaci\u00f3n pionera &#8216;Fetal facial expression in response to intravaginal music emission&#8217;, publicada en la revista brit\u00e1nica &#8216;Ultrasound&#8217;, ha sido presentada este martes en rueda de prensa por la investigadora Marisa L\u00f3pez-Teij\u00f3n, el catedr\u00e1tico Alberto Prats y el director cient\u00edfico del Institut Marqus, Alex Garc\u00eda-Faura.<\/p>\n<p>El estudio, realizado sobre m\u00e1s de 106 pacientes que se encontraban entre las semanas 14 y 39 de gestaci\u00f3n, analiz\u00f3 a tres grupos utilizando distintos tipos de estimulaci\u00f3n fetal: la v\u00eda abdominal, la vaginal -a 54 dB- y las vibraciones sonoras no musicales emitidas tambi\u00e9n desde la vagina.<\/p>\n<p>Tras compararlos, constaron que el \u00fanico incremento de estos movimientos de boca y lengua fue el del grupo de m\u00fasica emitida por v\u00eda vaginal, no solo en n\u00famero de fetos -el 87% respondieron-, sino en la frecuencia de movimientos, porque sacaron la lengua una media de cinco o m\u00e1s veces.<\/p>\n<p>Seg\u00fan L\u00f3pez-Teij\u00f3n, el estudio ha encontrado \u00abla f\u00f3rmula para que los fetos oigan como los adultos y que les llegue el sonido de forma eficaz\u00bb, puesto que vive insonorizado en el vientre de la madre y escucha los sonidos como un susurro y de forma distorsionada.<\/p>\n<p>\u00abLa m\u00fasica activa circuitos cerebrales primitivos implicados en la comunicaci\u00f3n y el lenguaje\u00bb, ha expresado la investigadora, que ha negado que pueda ser perjudicial y ha aconsejado utilizar el aparato entre 10 y 20 minutos -ma\u00f1ana y la noche- sin interrumpir el ciclo del sue\u00f1o.<\/p>\n<p>El dispositivo &#8216;Babypod&#8217; se conecta al m\u00f3vil y est\u00e1 patentado por los investigadores y cedido a una empresa electr\u00f3nica que ha impulsado su comercializaci\u00f3n por 120 euros; seg\u00fan la investigadora, \u00abno es un producto sanitario\u00bb y no tiene contraindicaciones.<\/p>\n<p>Prats ha expresado que la m\u00fasica provoca movimientos porque activa circuitos del tronco del enc\u00e9falo relacionados con la comunicaci\u00f3n y el lenguaje, por lo que los sonidos disonantes -las vibraciones- no activan estos circuitos y no generan esta respuesta.<\/p>\n<p>Aplicaciones<\/p>\n<p>Este hallazgo ayudar\u00e1 a que las ecograf\u00edas sean m\u00e1s eficaces y r\u00e1pidas: \u00abAl introducir movimientos permite ver todas las estructuras y se acorta la exploraci\u00f3n\u00bb, adem\u00e1s de que estimula sensorialmente al feto, lo que es mejor cuanto m\u00e1s precoz, seg\u00fan L\u00f3pez-Teij\u00f3n.<\/p>\n<p>El dispositivo emisor tambi\u00e9n permite descartar la sordera fetal, supone una reducci\u00f3n del estr\u00e9s de la madre, y abre una importante l\u00ednea de investigaci\u00f3n pre y postnatal.<\/p>\n","protected":false},"excerpt":{"rendered":"<p>\u00a0Descubierto en fetos de m\u00e1s de 16 semanas de gestaci\u00f3n abren la boca y sacan la lengua, movimientos de vocalizaci\u00f3n previos a la adquisici\u00f3n del lenguaje. El Institut Marqus de Barcelona ha descubierto que los fetos de m\u00e1s de 16 semanas de gestaci\u00f3n abren la boca y sacan la lengua -movimientos de vocalizaci\u00f3n previos a&hellip;<\/p>\n","protected":false},"author":1,"featured_media":0,"comment_status":"open","ping_status":"open","sticky":false,"template":"","format":"standard","meta":{"footnotes":""},"categories":[23],"tags":[361,22245,13335,3899,8261],"class_list":["post-54408","post","type-post","status-publish","format-standard","hentry","category-salud","tag-bebe","tag-feto","tag-lengua","tag-musica","tag-vagina"],"_links":{"self":[{"href":"https:\/\/www.elsindical.com.ar\/notas\/wp-json\/wp\/v2\/posts\/54408","targetHints":{"allow":["GET"]}}],"collection":[{"href":"https:\/\/www.elsindical.com.ar\/notas\/wp-json\/wp\/v2\/posts"}],"about":[{"href":"https:\/\/www.elsindical.com.ar\/notas\/wp-json\/wp\/v2\/types\/post"}],"author":[{"embeddable":true,"href":"https:\/\/www.elsindical.com.ar\/notas\/wp-json\/wp\/v2\/users\/1"}],"replies":[{"embeddable":true,"href":"https:\/\/www.elsindical.com.ar\/notas\/wp-json\/wp\/v2\/comments?post=54408"}],"version-history":[{"count":1,"href":"https:\/\/www.elsindical.com.ar\/notas\/wp-json\/wp\/v2\/posts\/54408\/revisions"}],"predecessor-version":[{"id":54410,"href":"https:\/\/www.elsindical.com.ar\/notas\/wp-json\/wp\/v2\/posts\/54408\/revisions\/54410"}],"wp:attachment":[{"href":"https:\/\/www.elsindical.com.ar\/notas\/wp-json\/wp\/v2\/media?parent=54408"}],"wp:term":[{"taxonomy":"category","embeddable":true,"href":"https:\/\/www.elsindical.com.ar\/notas\/wp-json\/wp\/v2\/categories?post=54408"},{"taxonomy":"post_tag","embeddable":true,"href":"https:\/\/www.elsindical.com.ar\/notas\/wp-json\/wp\/v2\/tags?post=54408"}],"curies":[{"name":"wp","href":"https:\/\/api.w.org\/{rel}","templated":true}]}}