{"id":54380,"date":"2015-10-06T12:31:44","date_gmt":"2015-10-06T15:31:44","guid":{"rendered":"http:\/\/www.elsindical.com.ar\/notas\/?p=54380"},"modified":"2015-10-06T12:31:44","modified_gmt":"2015-10-06T15:31:44","slug":"san-vicente-mato-a-golpes-a-su-hijo-invalido-porque-se-orino-encima","status":"publish","type":"post","link":"https:\/\/www.elsindical.com.ar\/notas\/san-vicente-mato-a-golpes-a-su-hijo-invalido-porque-se-orino-encima\/","title":{"rendered":"San Vicente: Mat\u00f3 a golpes a su hijo inv\u00e1lido porque se orin\u00f3 encima"},"content":{"rendered":"<p><a href=\"http:\/\/www.elsindical.com.ar\/notas\/var\/www\/html\/notas\/wp-content\/uploads\/2015\/10\/comisar\u00eda-2-San-Vicente.jpg\"><img loading=\"lazy\" decoding=\"async\" class=\"alignnone size-medium wp-image-54381\" src=\"http:\/\/www.elsindical.com.ar\/notas\/var\/www\/html\/notas\/wp-content\/uploads\/2015\/10\/comisar\u00eda-2-San-Vicente-300x173.jpg\" alt=\"comisar\u00eda 2 San Vicente\" width=\"300\" height=\"173\" srcset=\"https:\/\/www.elsindical.com.ar\/notas\/var\/www\/html\/notas\/wp-content\/uploads\/2015\/10\/comisar\u00eda-2-San-Vicente-300x173.jpg 300w, https:\/\/www.elsindical.com.ar\/notas\/var\/www\/html\/notas\/wp-content\/uploads\/2015\/10\/comisar\u00eda-2-San-Vicente-500x289.jpg 500w, https:\/\/www.elsindical.com.ar\/notas\/var\/www\/html\/notas\/wp-content\/uploads\/2015\/10\/comisar\u00eda-2-San-Vicente.jpg 680w\" sizes=\"auto, (max-width: 300px) 100vw, 300px\" \/><\/a><em>En la localidad bonaerense de Alejandro Korn, a un bestial padre no le import\u00f3 la discapacidad de su hijo de 15 a\u00f1os y lo asesin\u00f3\u00a0de una manera brutal, cansado de las veces que se manchaba.<\/em><\/p>\n<p><em>\u00abTe prometo no hacerlo m\u00e1s\u201d,<\/em> fueron las \u00faltimas palabras que un menor discapacitado le expres\u00f3 a su padre, antes que \u00e9ste lo sometiera a una feroz paliza porque se hab\u00eda orinado encima. Sin embargo, la demencia del progenitor no se detuvo hasta que el peque\u00f1o indefenso muri\u00f3 a causa de los golpes, en la localidad bonaerense de Alejandro Korn.\u00a0Finalmente el filicida fue detenido.<\/p>\n<p>Una tarde de domingo por dem\u00e1s desgarradora y cruel tuvo lugar en la localidad de Alejandro Korn, partido de San Vicente, escenario del asesinato de un adolescente de 15 a\u00f1os, identificado como <strong>Mirco Bellido. <\/strong><\/p>\n<p>Lo espeluznante del caso radica en quien fuera el autor material del hecho, su propio padre,<strong> Miguel Angel Bellido,<\/strong> de 59 a\u00f1os, y la forma c\u00f3mo mat\u00f3 a su hijo, quien padec\u00eda la enfermedad de Proteos y Chiara. Esta afecci\u00f3n imped\u00eda a Mirco movilizarse por sus propios medios, situaci\u00f3n que molestaba por dem\u00e1s a su progenitor, que incre\u00edblemente se negaba a asistirlo cuantas veces lo requiriera. Justamente, en dicha jornada el muchacho se levant\u00f3 de la cama con la ayuda de su padre, prepar\u00f3 su ropa y se aprestaba a ba\u00f1arse puesto que deb\u00eda asistir al cumplea\u00f1os de un amigo. En ese instante, vecinos de la vivienda familiar, situada en Catamarca 322 de Korn, le reconocieron a las autoridades policiales haber escuchado en principio que Miguel Angel le exig\u00eda a su hijo que levantara los brazos para sacarle su remera.<\/p>\n<p>Pero inmediatamente sintieron una discusi\u00f3n, desencadenada porque el joven discapacitado se hab\u00eda orinado encima y justamente \u00e9l repetir\u00eda:<em> \u201cPerd\u00f3n, pap\u00e1, no lo hago m\u00e1s\u201d<\/em>.<\/p>\n<p>Los testigos del caso remarcaron que \u00e9sa ser\u00eda la \u00faltima manifestaci\u00f3n de Mirco, advirtiendo seguidamente fuertes golpes, por lo que alertaron al personal policial y a la mam\u00e1 del menor de lo que aparentemente suced\u00eda dentro de la casa.<\/p>\n<p>Sospechas que ser\u00edan confirmadas en el arribo de los agentes policiales al domicilio, quienes hallaron una escena de terror: el hombre con sus pu\u00f1os ba\u00f1ados en sangre y su hijo sin se\u00f1ales de vida.<\/p>\n<p>El sujeto fue alojado a la comisar\u00eda 2\u00aa de San Vicente, acusado d<em>e \u201chomicidio calificado y agravado por el v\u00ednculo\u201d<\/em>, y en la ma\u00f1ana de ayer lo trasladaron al Departamento Judicial de La Plata, convocado por el titular de la UFI 11,<strong> \u00c1lvaro Garganta.<\/strong> En tanto el cuerpo de la v\u00edctima ser\u00e1 sometido a autopsia a fin de precisar los causales de muerte.<\/p>\n","protected":false},"excerpt":{"rendered":"<p>En la localidad bonaerense de Alejandro Korn, a un bestial padre no le import\u00f3 la discapacidad de su hijo de 15 a\u00f1os y lo asesin\u00f3\u00a0de una manera brutal, cansado de las veces que se manchaba. \u00abTe prometo no hacerlo m\u00e1s\u201d, fueron las \u00faltimas palabras que un menor discapacitado le expres\u00f3 a su padre, antes que&hellip;<\/p>\n","protected":false},"author":1,"featured_media":0,"comment_status":"open","ping_status":"open","sticky":false,"template":"","format":"standard","meta":{"footnotes":""},"categories":[22],"tags":[2971,603,359,3736],"class_list":["post-54380","post","type-post","status-publish","format-standard","hentry","category-policiales","tag-alejandro-korn","tag-discapacitado","tag-padre","tag-san-vicente"],"_links":{"self":[{"href":"https:\/\/www.elsindical.com.ar\/notas\/wp-json\/wp\/v2\/posts\/54380","targetHints":{"allow":["GET"]}}],"collection":[{"href":"https:\/\/www.elsindical.com.ar\/notas\/wp-json\/wp\/v2\/posts"}],"about":[{"href":"https:\/\/www.elsindical.com.ar\/notas\/wp-json\/wp\/v2\/types\/post"}],"author":[{"embeddable":true,"href":"https:\/\/www.elsindical.com.ar\/notas\/wp-json\/wp\/v2\/users\/1"}],"replies":[{"embeddable":true,"href":"https:\/\/www.elsindical.com.ar\/notas\/wp-json\/wp\/v2\/comments?post=54380"}],"version-history":[{"count":1,"href":"https:\/\/www.elsindical.com.ar\/notas\/wp-json\/wp\/v2\/posts\/54380\/revisions"}],"predecessor-version":[{"id":54382,"href":"https:\/\/www.elsindical.com.ar\/notas\/wp-json\/wp\/v2\/posts\/54380\/revisions\/54382"}],"wp:attachment":[{"href":"https:\/\/www.elsindical.com.ar\/notas\/wp-json\/wp\/v2\/media?parent=54380"}],"wp:term":[{"taxonomy":"category","embeddable":true,"href":"https:\/\/www.elsindical.com.ar\/notas\/wp-json\/wp\/v2\/categories?post=54380"},{"taxonomy":"post_tag","embeddable":true,"href":"https:\/\/www.elsindical.com.ar\/notas\/wp-json\/wp\/v2\/tags?post=54380"}],"curies":[{"name":"wp","href":"https:\/\/api.w.org\/{rel}","templated":true}]}}