{"id":5435,"date":"2010-04-09T01:52:30","date_gmt":"2010-04-09T04:52:30","guid":{"rendered":"http:\/\/www.elsindical.com.ar\/notas\/?p=5435"},"modified":"2010-04-09T01:52:30","modified_gmt":"2010-04-09T04:52:30","slug":"olivos-detienen-a-una-banda-de-narcotraficantes","status":"publish","type":"post","link":"https:\/\/www.elsindical.com.ar\/notas\/olivos-detienen-a-una-banda-de-narcotraficantes\/","title":{"rendered":"Olivos: Detienen a una banda de narcotraficantes"},"content":{"rendered":"<p style=\"text-align: justify;\"><em><a href=\"http:\/\/www.elsindical.com.ar\/notas\/var\/www\/html\/notas\/wp-content\/uploads\/2010\/04\/drogas-varias-2.jpg\"><img loading=\"lazy\" decoding=\"async\" class=\"alignleft size-full wp-image-5436\" title=\"drogas-varias-2\" src=\"http:\/\/www.elsindical.com.ar\/notas\/var\/www\/html\/notas\/wp-content\/uploads\/2010\/04\/drogas-varias-2.jpg\" alt=\"\" width=\"236\" height=\"171\" \/><\/a>La Polic\u00eda detuvo a cinco personas, secuestr\u00f3 m\u00e1s de 6 mil dosis de metaanfetaminas y otras mil de LSD. La carga iba a ser comercializada en discos de Capital y el Gran Buenos Aires.<\/em><\/p>\n<p style=\"text-align: justify;\">Seis mil dosis de metaanfetaminas y mil de LSD fueron incautados esta noche por la polic\u00eda bonaerense en un allanamiento realizado en la localidad de Olivos, que termin\u00f3 con la detenci\u00f3n de cinco personas.<\/p>\n<p>Seg\u00fan informaron a la agencia DyN fuentes policiales, el operativo fue concretado en una vivienda de la calle Paran\u00e1 al 2700, en Olivos, a la que se lleg\u00f3 tras una investigaci\u00f3n encabezada por la jueza federal de San Isidro Sandra Arroyo Salgado.<\/p>\n<p>De acuerdo a los voceros, en el allanamiento fueron secuestradas 6 mil dosis de metaanfetaminas, otras 1.000 de LSD y dos kilos de marihuana, en tanto que cinco personas fueron detenidas.<\/p>\n<p>Las fuentes dijeron que la droga iba a ser comercializada en boliches del Gran Buenos Aires y la Capital Federal. Adem\u00e1s, explicaron que agentes de la Delegaci\u00f3n Departamental de Investigaciones de San Isidro hab\u00edan realizado otros operativos en la zona norte del conurbano hasta que dieron con el laboratorio funcionaba en la vivienda de Olivos.<\/p>\n","protected":false},"excerpt":{"rendered":"<p>La Polic\u00eda detuvo a cinco personas, secuestr\u00f3 m\u00e1s de 6 mil dosis de metaanfetaminas y otras mil de LSD. La carga iba a ser comercializada en discos de Capital y el Gran Buenos Aires. Seis mil dosis de metaanfetaminas y mil de LSD fueron incautados esta noche por la polic\u00eda bonaerense en un allanamiento realizado&hellip;<\/p>\n","protected":false},"author":1,"featured_media":0,"comment_status":"open","ping_status":"open","sticky":false,"template":"","format":"standard","meta":{"footnotes":""},"categories":[22],"tags":[997,742,2895,1281,1395,30,40],"class_list":["post-5435","post","type-post","status-publish","format-standard","hentry","category-policiales","tag-banda","tag-detenidos","tag-jueza-federal-sandra-arroyo-salgado","tag-narcotraficantes","tag-olivos","tag-policia","tag-san-isidro"],"_links":{"self":[{"href":"https:\/\/www.elsindical.com.ar\/notas\/wp-json\/wp\/v2\/posts\/5435","targetHints":{"allow":["GET"]}}],"collection":[{"href":"https:\/\/www.elsindical.com.ar\/notas\/wp-json\/wp\/v2\/posts"}],"about":[{"href":"https:\/\/www.elsindical.com.ar\/notas\/wp-json\/wp\/v2\/types\/post"}],"author":[{"embeddable":true,"href":"https:\/\/www.elsindical.com.ar\/notas\/wp-json\/wp\/v2\/users\/1"}],"replies":[{"embeddable":true,"href":"https:\/\/www.elsindical.com.ar\/notas\/wp-json\/wp\/v2\/comments?post=5435"}],"version-history":[{"count":2,"href":"https:\/\/www.elsindical.com.ar\/notas\/wp-json\/wp\/v2\/posts\/5435\/revisions"}],"predecessor-version":[{"id":5438,"href":"https:\/\/www.elsindical.com.ar\/notas\/wp-json\/wp\/v2\/posts\/5435\/revisions\/5438"}],"wp:attachment":[{"href":"https:\/\/www.elsindical.com.ar\/notas\/wp-json\/wp\/v2\/media?parent=5435"}],"wp:term":[{"taxonomy":"category","embeddable":true,"href":"https:\/\/www.elsindical.com.ar\/notas\/wp-json\/wp\/v2\/categories?post=5435"},{"taxonomy":"post_tag","embeddable":true,"href":"https:\/\/www.elsindical.com.ar\/notas\/wp-json\/wp\/v2\/tags?post=5435"}],"curies":[{"name":"wp","href":"https:\/\/api.w.org\/{rel}","templated":true}]}}