{"id":54310,"date":"2015-10-01T06:06:33","date_gmt":"2015-10-01T09:06:33","guid":{"rendered":"http:\/\/www.elsindical.com.ar\/notas\/?p=54310"},"modified":"2015-10-01T06:06:33","modified_gmt":"2015-10-01T09:06:33","slug":"primera-paritaria-del-personal-domestico-con-suba-del-28","status":"publish","type":"post","link":"https:\/\/www.elsindical.com.ar\/notas\/primera-paritaria-del-personal-domestico-con-suba-del-28\/","title":{"rendered":"Primera paritaria del personal dom\u00e9stico, con suba del 28%"},"content":{"rendered":"<p><em><a href=\"http:\/\/www.elsindical.com.ar\/notas\/var\/www\/html\/notas\/wp-content\/uploads\/2010\/08\/personal-dom\u00e9stico.jpg\"><img loading=\"lazy\" decoding=\"async\" class=\"alignnone size-full wp-image-8268\" src=\"http:\/\/www.elsindical.com.ar\/notas\/var\/www\/html\/notas\/wp-content\/uploads\/2010\/08\/personal-dom\u00e9stico.jpg\" alt=\"personal-dom\u00e9stico\" width=\"283\" height=\"188\" \/><\/a>El incremento se pagar\u00e1 en dos tramos, siendo el primero del 21% desde este mes en forma retroactiva, y el segundo ser\u00e1 \u00abno acumulativo\u00bb, del 7% a partir de diciembre.\u00a0\u00a0\u00a0<\/em><\/p>\n<p>El acuerdo alcanzado ayer entre los gremios que nuclean a las empleadas dom\u00e9sticas y su contraparte empleadora en el Ministerio de Trabajo de la Naci\u00f3n, regir\u00e1 en todo el pa\u00eds entre septiembre de 2015 y agosto de 2016 e incluye a los cuidadores no terap\u00e9uticos y caseros.<\/p>\n<p>\u201cLo importante es haber logrado que el 7 por ciento se pague en diciembre y no en enero 2016 para que as\u00ed pueda computarse en el aguinaldo y las vacaciones\u201d, explic\u00f3 Carlos Brassesco, apoderado legal de la Uni\u00f3n del Personal Auxiliar de Casas Particulares (UPAC), uno, pero el m\u00e1s numeroso, de los siete gremios que participaron del plenario paritario.<\/p>\n<p>La reuni\u00f3n. Este primer acuerdo se realiz\u00f3 en la sede central de la cartera laboral, ubicada en la avenida Leandro N. Alem 650 de la Ciudad de Buenos Aires, y fue presidido por el subsecretario de Relaciones Laborales \u00c1lvaro Ruiz.<\/p>\n<p>Tras la firma, el ministro de Trabajo, Carlos Tomada, salud\u00f3 a los representantes de la Comisi\u00f3n Nacional de Trabajo en Casas Particulares, integrada por los siete gremios, dos asociaciones civiles empleadoras, el Sindicato de Amas de Casa (Sacra) y el Emtracap (Empleadores de Trabajadores Comprendidos en el R\u00e9gimen Especial de Trabajo para el Personal de Casas Particulares). Por el Estado Nacional se hicieron presente representantes de los Ministerios de Econom\u00eda, Desarrollo Social y Trabajo.<\/p>\n<p>Las mejoras. De esta manera, la quinta categor\u00eda \u201cPersonal para tareas generales con retiro\u201d, que hasta agosto hab\u00eda sido fijada en 4.186 pesos por 8 horas de trabajo o 33 pesos la hora, pasa a 40 pesos desde septiembre y 43 en diciembre. Mientras que el sueldo sube a 5.065 pesos en septiembre y 5.358 a partir de diciembre.<\/p>\n<p>La hora del cuidador no terap\u00e9utico con retiro se incrementar\u00e1 desde este mes a 44 pesos y a partir de diciembre subir\u00e1 46 pesos , en tanto el sueldo mensual pasar\u00e1 a 5.632 pesos desde septiembre y a 5.958 en diciembre.<\/p>\n<p>Los caseros pasar\u00e1n a cobrar 44 pesos la hora desde este mes y mensualizado 5.632 pesos, mientras que el valor hora en diciembre aumentar\u00e1 a 46 y el sueldo 5.958 pesos.<\/p>\n","protected":false},"excerpt":{"rendered":"<p>El incremento se pagar\u00e1 en dos tramos, siendo el primero del 21% desde este mes en forma retroactiva, y el segundo ser\u00e1 \u00abno acumulativo\u00bb, del 7% a partir de diciembre.\u00a0\u00a0\u00a0 El acuerdo alcanzado ayer entre los gremios que nuclean a las empleadas dom\u00e9sticas y su contraparte empleadora en el Ministerio de Trabajo de la Naci\u00f3n,&hellip;<\/p>\n","protected":false},"author":1,"featured_media":0,"comment_status":"open","ping_status":"open","sticky":false,"template":"","format":"standard","meta":{"footnotes":""},"categories":[16],"tags":[4460,3367,6711,75,22195],"class_list":["post-54310","post","type-post","status-publish","format-standard","hentry","category-gremiales","tag-paritaria","tag-personal-domestico","tag-suba","tag-sueldos","tag-upac"],"_links":{"self":[{"href":"https:\/\/www.elsindical.com.ar\/notas\/wp-json\/wp\/v2\/posts\/54310","targetHints":{"allow":["GET"]}}],"collection":[{"href":"https:\/\/www.elsindical.com.ar\/notas\/wp-json\/wp\/v2\/posts"}],"about":[{"href":"https:\/\/www.elsindical.com.ar\/notas\/wp-json\/wp\/v2\/types\/post"}],"author":[{"embeddable":true,"href":"https:\/\/www.elsindical.com.ar\/notas\/wp-json\/wp\/v2\/users\/1"}],"replies":[{"embeddable":true,"href":"https:\/\/www.elsindical.com.ar\/notas\/wp-json\/wp\/v2\/comments?post=54310"}],"version-history":[{"count":1,"href":"https:\/\/www.elsindical.com.ar\/notas\/wp-json\/wp\/v2\/posts\/54310\/revisions"}],"predecessor-version":[{"id":54311,"href":"https:\/\/www.elsindical.com.ar\/notas\/wp-json\/wp\/v2\/posts\/54310\/revisions\/54311"}],"wp:attachment":[{"href":"https:\/\/www.elsindical.com.ar\/notas\/wp-json\/wp\/v2\/media?parent=54310"}],"wp:term":[{"taxonomy":"category","embeddable":true,"href":"https:\/\/www.elsindical.com.ar\/notas\/wp-json\/wp\/v2\/categories?post=54310"},{"taxonomy":"post_tag","embeddable":true,"href":"https:\/\/www.elsindical.com.ar\/notas\/wp-json\/wp\/v2\/tags?post=54310"}],"curies":[{"name":"wp","href":"https:\/\/api.w.org\/{rel}","templated":true}]}}