{"id":54286,"date":"2015-09-29T13:36:59","date_gmt":"2015-09-29T16:36:59","guid":{"rendered":"http:\/\/www.elsindical.com.ar\/notas\/?p=54286"},"modified":"2015-09-29T13:36:59","modified_gmt":"2015-09-29T16:36:59","slug":"juntan-firmas-para-evitar-la-demolicion-del-teatro-urquiza","status":"publish","type":"post","link":"https:\/\/www.elsindical.com.ar\/notas\/juntan-firmas-para-evitar-la-demolicion-del-teatro-urquiza\/","title":{"rendered":"Juntan firmas para evitar la demolici\u00f3n del Teatro Urquiza"},"content":{"rendered":"<p><em>\u00a0<a href=\"http:\/\/www.elsindical.com.ar\/notas\/var\/www\/html\/notas\/wp-content\/uploads\/2015\/09\/Cine-Teatro-Urquiza-2.jpg\"><img loading=\"lazy\" decoding=\"async\" class=\"alignnone size-medium wp-image-54288\" src=\"http:\/\/www.elsindical.com.ar\/notas\/var\/www\/html\/notas\/wp-content\/uploads\/2015\/09\/Cine-Teatro-Urquiza-2-300x169.jpg\" alt=\"Cine Teatro Urquiza 2\" width=\"300\" height=\"169\" srcset=\"https:\/\/www.elsindical.com.ar\/notas\/var\/www\/html\/notas\/wp-content\/uploads\/2015\/09\/Cine-Teatro-Urquiza-2-300x169.jpg 300w, https:\/\/www.elsindical.com.ar\/notas\/var\/www\/html\/notas\/wp-content\/uploads\/2015\/09\/Cine-Teatro-Urquiza-2-500x282.jpg 500w, https:\/\/www.elsindical.com.ar\/notas\/var\/www\/html\/notas\/wp-content\/uploads\/2015\/09\/Cine-Teatro-Urquiza-2.jpg 600w\" sizes=\"auto, (max-width: 300px) 100vw, 300px\" \/><\/a> Miles de vecinos se\u00a0organizaron\u00a0para apoyar la recuperaci\u00f3n del Cine Teatro Urquiza de Parque Patricios y evitar que sea demolido, hoy se encuentra protegido por una medida cautelar en la justicia, pero se necesita una soluci\u00f3n de fondo.<\/em><\/p>\n<p>El Cine Teatro Urquiza corre peligro de ser demolido, aunque moment\u00e1neamente est\u00e1 protegido por una medida cautelar, dictada por la jueza Lidia Lago del Juzgado Contencioso Administrativo y Tributario Nro. 7 de la ciudad de Buenos Aires, lograda por los vecinos del barrio.<\/p>\n<p>Los vecinos presentaron en 2013 un proyecto de expropiaci\u00f3n en la Legislatura Porte\u00f1a que cuenta con la voluntad de todos los bloques (15) salvo el bloque del PRO, por lo cual se decidi\u00f3 presentar otra iniciativa proyecto de expropiaci\u00f3n ante la C\u00e1mara de Diputados de la Naci\u00f3n.<\/p>\n<p>Los vecinos denuncian adem\u00e1s que muchas leyes no est\u00e1n siendo cumplidas por parte del gobierno de la Ciudad, como la de protecci\u00f3n a edificios anteriores a 1941 (Ley 3680), las de protecci\u00f3n a salas de cine y teatro, la de protecci\u00f3n patrimonial y la Ley de Comunas 1.777, que en su art\u00edculo tercero insta a \u00abpreservar, recuperar, proteger y difundir el patrimonio y la identidad cultural de los distintos barrios\u201d.<\/p>\n","protected":false},"excerpt":{"rendered":"<p>\u00a0 Miles de vecinos se\u00a0organizaron\u00a0para apoyar la recuperaci\u00f3n del Cine Teatro Urquiza de Parque Patricios y evitar que sea demolido, hoy se encuentra protegido por una medida cautelar en la justicia, pero se necesita una soluci\u00f3n de fondo. El Cine Teatro Urquiza corre peligro de ser demolido, aunque moment\u00e1neamente est\u00e1 protegido por una medida cautelar,&hellip;<\/p>\n","protected":false},"author":1,"featured_media":0,"comment_status":"open","ping_status":"open","sticky":false,"template":"","format":"standard","meta":{"footnotes":""},"categories":[25],"tags":[22227,1752],"class_list":["post-54286","post","type-post","status-publish","format-standard","hentry","category-sociedad","tag-cine-teatro-urquiza","tag-parque-patricios"],"_links":{"self":[{"href":"https:\/\/www.elsindical.com.ar\/notas\/wp-json\/wp\/v2\/posts\/54286","targetHints":{"allow":["GET"]}}],"collection":[{"href":"https:\/\/www.elsindical.com.ar\/notas\/wp-json\/wp\/v2\/posts"}],"about":[{"href":"https:\/\/www.elsindical.com.ar\/notas\/wp-json\/wp\/v2\/types\/post"}],"author":[{"embeddable":true,"href":"https:\/\/www.elsindical.com.ar\/notas\/wp-json\/wp\/v2\/users\/1"}],"replies":[{"embeddable":true,"href":"https:\/\/www.elsindical.com.ar\/notas\/wp-json\/wp\/v2\/comments?post=54286"}],"version-history":[{"count":2,"href":"https:\/\/www.elsindical.com.ar\/notas\/wp-json\/wp\/v2\/posts\/54286\/revisions"}],"predecessor-version":[{"id":54289,"href":"https:\/\/www.elsindical.com.ar\/notas\/wp-json\/wp\/v2\/posts\/54286\/revisions\/54289"}],"wp:attachment":[{"href":"https:\/\/www.elsindical.com.ar\/notas\/wp-json\/wp\/v2\/media?parent=54286"}],"wp:term":[{"taxonomy":"category","embeddable":true,"href":"https:\/\/www.elsindical.com.ar\/notas\/wp-json\/wp\/v2\/categories?post=54286"},{"taxonomy":"post_tag","embeddable":true,"href":"https:\/\/www.elsindical.com.ar\/notas\/wp-json\/wp\/v2\/tags?post=54286"}],"curies":[{"name":"wp","href":"https:\/\/api.w.org\/{rel}","templated":true}]}}