{"id":54284,"date":"2015-09-29T13:09:00","date_gmt":"2015-09-29T16:09:00","guid":{"rendered":"http:\/\/www.elsindical.com.ar\/notas\/?p=54284"},"modified":"2015-09-29T13:09:00","modified_gmt":"2015-09-29T16:09:00","slug":"nuevas-denuncias-contra-el-hospital-italiano-y-el-britanico","status":"publish","type":"post","link":"https:\/\/www.elsindical.com.ar\/notas\/nuevas-denuncias-contra-el-hospital-italiano-y-el-britanico\/","title":{"rendered":"Nuevas denuncias contra el Hospital Italiano y el Brit\u00e1nico"},"content":{"rendered":"<p id=\"yui_3_16_0_1_1443542658661_2739\" class=\"yiv2106712312MsoNormal\"><a href=\"http:\/\/www.elsindical.com.ar\/notas\/var\/www\/html\/notas\/wp-content\/uploads\/2010\/10\/torzo-m\u00e9dico.jpg\"><img loading=\"lazy\" decoding=\"async\" class=\"alignnone size-medium wp-image-10311\" src=\"http:\/\/www.elsindical.com.ar\/notas\/var\/www\/html\/notas\/wp-content\/uploads\/2010\/10\/torzo-m\u00e9dico-300x194.jpg\" alt=\"torzo-m\u00e9dico\" width=\"300\" height=\"194\" srcset=\"https:\/\/www.elsindical.com.ar\/notas\/var\/www\/html\/notas\/wp-content\/uploads\/2010\/10\/torzo-m\u00e9dico-300x194.jpg 300w, https:\/\/www.elsindical.com.ar\/notas\/var\/www\/html\/notas\/wp-content\/uploads\/2010\/10\/torzo-m\u00e9dico.jpg 325w\" sizes=\"auto, (max-width: 300px) 100vw, 300px\" \/><\/a>\u00a0 Desde la Asociaci\u00f3n de M\u00e9dicos de la Actividad Privada (AMAP) denunciaron a los Hospitales Italiano y Brit\u00e1nico por mantener personal m\u00e9dico en negro, recibiendo hace muchos a\u00f1os una \u201cpostura obstructiva\u201d a la negociaci\u00f3n gremial. \u201cSe sigue impidiendo que los m\u00e9dicos que se desempe\u00f1an en estas entidades de salud cuenten con condiciones de trabajo que est\u00e9n dentro de lo que dice la ley, adem\u00e1s de salarios dignos, acordes a la calificada tarea que realizan los profesionales\u201d, dijo H\u00e9ctor Gar\u00edn, Presidente de la AMAP.<\/p>\n<p id=\"yui_3_16_0_1_1443542658661_2777\" class=\"yiv2106712312MsoNormal\">Desde el sindicato buscan extender el Convenio Colectivo de Trabajo firmado en 2009 con la \u201cAsociaci\u00f3n de Hospitales de Colectividad y Particulares sin Fines de Lucro\u201d. Ante los requerimientos de la AMAP, el Ministerio de Trabajo intim\u00f3 a estas dos entidades a negociar un Convenio por empresa, por fuera de la Asociaci\u00f3n, como sucedi\u00f3 con el Hospital Espa\u00f1ol y el Alem\u00e1n. Entre sus reclamos, piden que en el Convenio no s\u00f3lo\u00a0 se contemple a los m\u00e9dicos de guardia, sino adem\u00e1s a los que trabajan en la planta.<\/p>\n<p id=\"yui_3_16_0_1_1443542658661_2774\" class=\"yiv2106712312MsoNormal\">Los porcentajes de m\u00e9dicos en relaci\u00f3n de dependencia var\u00edan en cada entidad que integra la Asociaci\u00f3n de Hospitales de Comunidad, pero el Brit\u00e1nico e Italiano ostentan los peores \u00edndices, ya que tienen una gran cantidad de m\u00e9dicos sin registrar que ronda el 80%, seg\u00fan informaron desde el sindicato. \u201cEn la \u00faltima inspecci\u00f3n realizada por el Ministerio de Trabajo a solicitud de nuestro sindicato, sobre 27 m\u00e9dicos inspeccionados 24 no estaban registrados\u201d, declar\u00f3 Gar\u00edn y agreg\u00f3 \u201clos colegas aceptan estas condiciones porque necesitan trabajar, porque se ven presionados a hacerlo\u201d.<\/p>\n<p id=\"yui_3_16_0_1_1443542658661_2784\" class=\"yiv2106712312MsoNormal\">La Asociaci\u00f3n de M\u00e9dicos de la Actividad Privada (AMAP), creada en 1998, es un sindicato que nuclea a todos los profesionales de la medicina privada de la Ciudad Aut\u00f3noma de Buenos Aires y tiene m\u00e1s de 3.500 afiliados.<\/p>\n<div id=\"yui_3_16_0_1_1443542658661_2787\">\n<p id=\"yui_3_16_0_1_1443542658661_2788\" class=\"yiv2106712312MsoNormal\"><b>PARA NOTAS:<\/b><\/p>\n<p id=\"yui_3_16_0_1_1443542658661_2790\" class=\"yiv2106712312MsoNormal\"><span id=\"yui_3_16_0_1_1443542658661_2789\">Dr. H\u00e9ctor Gar\u00edn, secretario general &#8211; Cel. (11) 4477-3855\u00a0 Tel. (11) 4381-4737 Int. 112<\/span><\/p>\n<p id=\"yui_3_16_0_1_1443542658661_2792\" class=\"yiv2106712312MsoNormal\"><b>PRENSA:<\/b><\/p>\n<p id=\"yui_3_16_0_1_1443542658661_2793\" class=\"yiv2106712312MsoNormal\">Facundo Pais. (11) 6350 0746<\/p>\n<p id=\"yui_3_16_0_1_1443542658661_2794\" class=\"yiv2106712312MsoNormal\">Marianela Ego. (11) 13743091<\/p>\n<\/div>\n","protected":false},"excerpt":{"rendered":"<p>\u00a0 Desde la Asociaci\u00f3n de M\u00e9dicos de la Actividad Privada (AMAP) denunciaron a los Hospitales Italiano y Brit\u00e1nico por mantener personal m\u00e9dico en negro, recibiendo hace muchos a\u00f1os una \u201cpostura obstructiva\u201d a la negociaci\u00f3n gremial. \u201cSe sigue impidiendo que los m\u00e9dicos que se desempe\u00f1an en estas entidades de salud cuenten con condiciones de trabajo que&hellip;<\/p>\n","protected":false},"author":1,"featured_media":0,"comment_status":"open","ping_status":"open","sticky":false,"template":"","format":"standard","meta":{"footnotes":""},"categories":[16],"tags":[19440,22020,22226,1473,852],"class_list":["post-54284","post","type-post","status-publish","format-standard","hentry","category-gremiales","tag-amap","tag-denuncias","tag-hospitak-britanico","tag-hospital-italiano","tag-trabajo-en-negro"],"_links":{"self":[{"href":"https:\/\/www.elsindical.com.ar\/notas\/wp-json\/wp\/v2\/posts\/54284","targetHints":{"allow":["GET"]}}],"collection":[{"href":"https:\/\/www.elsindical.com.ar\/notas\/wp-json\/wp\/v2\/posts"}],"about":[{"href":"https:\/\/www.elsindical.com.ar\/notas\/wp-json\/wp\/v2\/types\/post"}],"author":[{"embeddable":true,"href":"https:\/\/www.elsindical.com.ar\/notas\/wp-json\/wp\/v2\/users\/1"}],"replies":[{"embeddable":true,"href":"https:\/\/www.elsindical.com.ar\/notas\/wp-json\/wp\/v2\/comments?post=54284"}],"version-history":[{"count":1,"href":"https:\/\/www.elsindical.com.ar\/notas\/wp-json\/wp\/v2\/posts\/54284\/revisions"}],"predecessor-version":[{"id":54285,"href":"https:\/\/www.elsindical.com.ar\/notas\/wp-json\/wp\/v2\/posts\/54284\/revisions\/54285"}],"wp:attachment":[{"href":"https:\/\/www.elsindical.com.ar\/notas\/wp-json\/wp\/v2\/media?parent=54284"}],"wp:term":[{"taxonomy":"category","embeddable":true,"href":"https:\/\/www.elsindical.com.ar\/notas\/wp-json\/wp\/v2\/categories?post=54284"},{"taxonomy":"post_tag","embeddable":true,"href":"https:\/\/www.elsindical.com.ar\/notas\/wp-json\/wp\/v2\/tags?post=54284"}],"curies":[{"name":"wp","href":"https:\/\/api.w.org\/{rel}","templated":true}]}}