{"id":54274,"date":"2015-09-29T00:26:00","date_gmt":"2015-09-29T03:26:00","guid":{"rendered":"http:\/\/www.elsindical.com.ar\/notas\/?p=54274"},"modified":"2015-09-29T00:29:07","modified_gmt":"2015-09-29T03:29:07","slug":"maia-grisel-lata-cumpla-su-pedido-y-renuncie","status":"publish","type":"post","link":"https:\/\/www.elsindical.com.ar\/notas\/maia-grisel-lata-cumpla-su-pedido-y-renuncie\/","title":{"rendered":"Maia Grisel Lata, cumpla su pedido y renuncie"},"content":{"rendered":"<p><em><a href=\"http:\/\/www.elsindical.com.ar\/notas\/var\/www\/html\/notas\/wp-content\/uploads\/2015\/09\/Maia-voto-HCD.jpg\"><img loading=\"lazy\" decoding=\"async\" class=\"alignnone size-medium wp-image-54280\" src=\"http:\/\/www.elsindical.com.ar\/notas\/var\/www\/html\/notas\/wp-content\/uploads\/2015\/09\/Maia-voto-HCD-225x300.jpg\" alt=\"Maia-voto-HCD\" width=\"225\" height=\"300\" srcset=\"https:\/\/www.elsindical.com.ar\/notas\/var\/www\/html\/notas\/wp-content\/uploads\/2015\/09\/Maia-voto-HCD-225x300.jpg 225w, https:\/\/www.elsindical.com.ar\/notas\/var\/www\/html\/notas\/wp-content\/uploads\/2015\/09\/Maia-voto-HCD.jpg 738w\" sizes=\"auto, (max-width: 225px) 100vw, 225px\" \/><\/a>\u00a0 La impresentable concejal \u00abpanqueque\u00bb Maia Grisel Lata, ha hecho nuevas declaraciones al medio de prensa encargado de difundir las ideas del oficialismo de Avellaneda y de mejorar con ello la imagen de varios pol\u00edticos en ca\u00edda, algunos como es este caso son imposibles de levantar y solo pueden aspirar a volver a ocupar un cargo enganchados en una lista.<\/em><\/p>\n<p>Analizaremos las declaraciones para poder comprender el grado de mentira que posee esta mujer que pretende tomarnos a los vecinos por idiotas.<\/p>\n<p><em><strong>Defendi\u00f3 al candidato a intendente del FpV Jorge Ferraresi ante las acusaciones de la oposici\u00f3n local de que \u00abse niega a debatir\u00bb. \u00abNo necesita debatir con nadie porque todos conocemos su pol\u00edtica, sabemos qu\u00e9 es lo que quiere hacer y todo lo que se hizo\u00bb, subray\u00f3. <\/strong><\/em><\/p>\n<p><em><strong>\u00abLas luminarias est\u00e1n, los vecinos tienen las cloacas, las calles asfaltadas, los \u00e1rboles est\u00e1n podados, hay mayor presencia policial en los barrios, los chicos pueden hacer actividades en los clubes de barrio porque son muy completos\u00bb, puntualiz\u00f3 la concejal y agreg\u00f3 que Ferraresi \u00abcon los 12 a\u00f1os de gesti\u00f3n y 4 de intendente supo demostrar que \u00e9l estaba para hacer y no para prometer\u00bb.<\/strong><\/em><\/p>\n<p>Convengamos que Ferraresi es un pol\u00edtico \u00abverde\u00bb, no lleg\u00f3 a la intendencia elegido, sino que lo hizo por la salida del intendente anterior, afirmar que no necesita debatir con nadie, es cuando menos reconocer que no tiene la capacidad necesaria de todo pol\u00edtico de debatir y enfrentar lo que se le plantee, pasa que Ferraresi ha sido sepultado por las cagadas propias y de sus funcionarios.<\/p>\n<p>Asegurar alegremente que los chicos pueden hacer actividades en los clubes porque est\u00e1n muy completos es una mentira, y tambi\u00e9n es una omisi\u00f3n de la realidad, ya que varios de los clubes no son sitios seguros para menores.<\/p>\n<p><strong><em>Lata apunt\u00f3: \u00abA los vecinos les recordamos como est\u00e1bamos antes del 2003 y c\u00f3mo estamos ahora. Los avances que hubo un Salud, en Educaci\u00f3n, en obra p\u00fablica, las jubilaciones, el plan Progresar, el boleto estudiantil.<\/em><\/strong><\/p>\n<p><strong><em>\u00abNecesitamos ahora que a nivel local lo voten a Jorge (Ferraresi) como a (Daniel) Scioli porque queremos sumar a nivel nacional para aumentar el porcentaje de lo que sacamos\u00bb, enfatiz\u00f3.<\/em><\/strong><\/p>\n<p><strong><em>Sostuvo, en este punto, que las chances de ganar en primera son \u00abcercanas\u00bb porque \u00abel Gobierno demuestra con hechos y en la oposici\u00f3n dicen cosas que ni siquiera son\u00bb. \u00abHablan de transparencia y en los \u00faltimos d\u00edas estuvimos viendo todo lo que sali\u00f3 en los medios de los candidatos de Cambiemos, por ejemplo. La gente es consciente de todo lo que se avanz\u00f3 y no quiere retroceder\u00bb, afirm\u00f3.<\/em><\/strong><\/p>\n<p>Lata es una gran hip\u00f3crita y mentirosa, el municipio en materia de salud a tenido un retroceso, ya que son varias las unidades sanitarias con problemas para cubrir los cargos de los profesionales. En educaci\u00f3n muchas de las obras que se inauguraron tuvieron problemas en solo meses, la obra p\u00fablica se ha ejecutado de forma caprichosa y en beneficio de intereses personales por sobre el bien com\u00fan.<\/p>\n<p>Habla de los casos de corrupci\u00f3n de Cambiemos como si no contaran en sus propias filas con personajes igual de corruptos, ejemplos sobran incluso en la cercan\u00eda de la propia concejal se oculta alg\u00fan evasor.<\/p>\n<p><em><strong>\u00abDeber\u00edan renunciar todos los candidatos que est\u00e1n cuestionados\u00bb. Por otra parte, Lata analiz\u00f3 la repercusi\u00f3n del caso Fernando Niembro en el electorado y evalu\u00f3 que Cambiemos se ver\u00e1 perjudicado por esta situaci\u00f3n. <\/strong><\/em><\/p>\n<p><em><strong>\u00abEs una realidad, las cosas no se pueden esconder y qued\u00f3 demostrado. Quiz\u00e1 la decisi\u00f3n de renunciar fue correcta -consider\u00f3 la edil-, pero tambi\u00e9n as\u00ed deber\u00edan renunciar todos los candidatos que est\u00e1n cuestionados, como la candidata a intendente ac\u00e1 en Avellaneda (Gladys Gonz\u00e1lez)\u00bb.<\/strong><\/em><\/p>\n<p>En este punto Lata deber\u00eda dar el ejemplo de la que predica y pedir que varios de sus compa\u00f1eros candidatos a concejal renuncien por las mismas cuestiones, porque si de cuestionados o sospechados se trata hay varios, algunos de los denunciados en la justicia, Jorge Ferraresi, Jorge Luis Michelena, Emanuel Gonz\u00e1lez Santalla, Silvia Cantero y la propia Maia Lata.<\/p>\n<p>Es muy raro que Lata pida la renuncia de Gladys Gonz\u00e1lez y no la de Sebasti\u00e1n Vinagre o Daniel Garc\u00eda, con m\u00e1s denuncias que Gladys Gonz\u00e1lez, como sea Maia Lata renuncia y da el ejemplo.<\/p>\n<p>&nbsp;<\/p>\n<p><em><strong>Por Marcelo Ricardo Hawrylciw<\/strong><\/em><\/p>\n","protected":false},"excerpt":{"rendered":"<p>\u00a0 La impresentable concejal \u00abpanqueque\u00bb Maia Grisel Lata, ha hecho nuevas declaraciones al medio de prensa encargado de difundir las ideas del oficialismo de Avellaneda y de mejorar con ello la imagen de varios pol\u00edticos en ca\u00edda, algunos como es este caso son imposibles de levantar y solo pueden aspirar a volver a ocupar un&hellip;<\/p>\n","protected":false},"author":1,"featured_media":0,"comment_status":"open","ping_status":"open","sticky":false,"template":"","format":"standard","meta":{"footnotes":""},"categories":[10],"tags":[461,1130,1062,21715],"class_list":["post-54274","post","type-post","status-publish","format-standard","hentry","category-editorial","tag-avellaneda","tag-fpv","tag-jorge-ferraresi","tag-maia-grisel-lata"],"_links":{"self":[{"href":"https:\/\/www.elsindical.com.ar\/notas\/wp-json\/wp\/v2\/posts\/54274","targetHints":{"allow":["GET"]}}],"collection":[{"href":"https:\/\/www.elsindical.com.ar\/notas\/wp-json\/wp\/v2\/posts"}],"about":[{"href":"https:\/\/www.elsindical.com.ar\/notas\/wp-json\/wp\/v2\/types\/post"}],"author":[{"embeddable":true,"href":"https:\/\/www.elsindical.com.ar\/notas\/wp-json\/wp\/v2\/users\/1"}],"replies":[{"embeddable":true,"href":"https:\/\/www.elsindical.com.ar\/notas\/wp-json\/wp\/v2\/comments?post=54274"}],"version-history":[{"count":5,"href":"https:\/\/www.elsindical.com.ar\/notas\/wp-json\/wp\/v2\/posts\/54274\/revisions"}],"predecessor-version":[{"id":54282,"href":"https:\/\/www.elsindical.com.ar\/notas\/wp-json\/wp\/v2\/posts\/54274\/revisions\/54282"}],"wp:attachment":[{"href":"https:\/\/www.elsindical.com.ar\/notas\/wp-json\/wp\/v2\/media?parent=54274"}],"wp:term":[{"taxonomy":"category","embeddable":true,"href":"https:\/\/www.elsindical.com.ar\/notas\/wp-json\/wp\/v2\/categories?post=54274"},{"taxonomy":"post_tag","embeddable":true,"href":"https:\/\/www.elsindical.com.ar\/notas\/wp-json\/wp\/v2\/tags?post=54274"}],"curies":[{"name":"wp","href":"https:\/\/api.w.org\/{rel}","templated":true}]}}