{"id":54264,"date":"2015-09-28T16:34:55","date_gmt":"2015-09-28T19:34:55","guid":{"rendered":"http:\/\/www.elsindical.com.ar\/notas\/?p=54264"},"modified":"2015-09-28T16:34:55","modified_gmt":"2015-09-28T19:34:55","slug":"murio-el-ex-fiscal-norberto-quantin","status":"publish","type":"post","link":"https:\/\/www.elsindical.com.ar\/notas\/murio-el-ex-fiscal-norberto-quantin\/","title":{"rendered":"Muri\u00f3 el ex fiscal Norberto Quant\u00edn"},"content":{"rendered":"<p><em>\u00a0<a href=\"http:\/\/www.elsindical.com.ar\/notas\/var\/www\/html\/notas\/wp-content\/uploads\/2015\/09\/Norberto-Quant\u00edn.jpg\"><img loading=\"lazy\" decoding=\"async\" class=\"alignnone size-medium wp-image-54265\" src=\"http:\/\/www.elsindical.com.ar\/notas\/var\/www\/html\/notas\/wp-content\/uploads\/2015\/09\/Norberto-Quant\u00edn-300x169.jpg\" alt=\"Norberto-Quant\u00edn\" width=\"300\" height=\"169\" srcset=\"https:\/\/www.elsindical.com.ar\/notas\/var\/www\/html\/notas\/wp-content\/uploads\/2015\/09\/Norberto-Quant\u00edn-300x169.jpg 300w, https:\/\/www.elsindical.com.ar\/notas\/var\/www\/html\/notas\/wp-content\/uploads\/2015\/09\/Norberto-Quant\u00edn-500x282.jpg 500w, https:\/\/www.elsindical.com.ar\/notas\/var\/www\/html\/notas\/wp-content\/uploads\/2015\/09\/Norberto-Quant\u00edn.jpg 531w\" sizes=\"auto, (max-width: 300px) 100vw, 300px\" \/><\/a> Padec\u00eda una larga enfermedad. Hab\u00eda sido secretario de Seguridad de la Naci\u00f3n en la primera etapa del gobierno de N\u00e9stor Kirchner.\u00a0\u00a0\u00a0\u00a0<\/em><\/p>\n<p>De extensa trayectoria, Quant\u00edn ingres\u00f3 a la Justicia en 1958 y s\u00f3lo se alej\u00f3 parcialmente de ella en junio de 2003, cuando lleg\u00f3 a la funci\u00f3n p\u00fablica de la mano del primer ministro de Justicia Gustavo B\u00e9liz. En 2007, a los 67 a\u00f1os, se jubil\u00f3.<\/p>\n<p>Quant\u00edn tuvo a su cargo causas de alto impacto medi\u00e1tico, entre ellas el \u00abCaso Cabello\u00bb, los asesinatos de los piqueteros Kosteki y Santill\u00e1n, la causa por enriquecimiento il\u00edcito contra el ex concejal Jos\u00e9 Manuel Pico, la investigaci\u00f3n por \u00abremedios truchos\u00bb, la conducta del juez federal Norberto Oyarbide, la misteriosa muerte de Marcelo Catt\u00e1neo y el crimen del marido de la actriz Georgina Barbarossa.<\/p>\n<p>Como funcionario impuls\u00f3 la disoluci\u00f3n del fuero federal -que no lleg\u00f3 a concretar- y la descentralizaci\u00f3n de las fiscal\u00edas y su traslado a los barrios, que alcanz\u00f3 parcialmente.<\/p>\n<p>Pero entre junio y julio de 2004 padeci\u00f3 dos episodios que precipitaron su salida de la Justicia: la toma de la Comisar\u00eda 24 por piqueteros seguidores de Luis D&#8217;El\u00eda y la violenta protesta de vendedores ambulantes y travestis contra la Legislatura porte\u00f1a.<\/p>\n","protected":false},"excerpt":{"rendered":"<p>\u00a0 Padec\u00eda una larga enfermedad. Hab\u00eda sido secretario de Seguridad de la Naci\u00f3n en la primera etapa del gobierno de N\u00e9stor Kirchner.\u00a0\u00a0\u00a0\u00a0 De extensa trayectoria, Quant\u00edn ingres\u00f3 a la Justicia en 1958 y s\u00f3lo se alej\u00f3 parcialmente de ella en junio de 2003, cuando lleg\u00f3 a la funci\u00f3n p\u00fablica de la mano del primer ministro&hellip;<\/p>\n","protected":false},"author":1,"featured_media":0,"comment_status":"open","ping_status":"open","sticky":false,"template":"","format":"standard","meta":{"footnotes":""},"categories":[24],"tags":[22222,41,767],"class_list":["post-54264","post","type-post","status-publish","format-standard","hentry","category-sociales","tag-fiscal-norberto-quantin","tag-justicia","tag-nestor-kirchner"],"_links":{"self":[{"href":"https:\/\/www.elsindical.com.ar\/notas\/wp-json\/wp\/v2\/posts\/54264","targetHints":{"allow":["GET"]}}],"collection":[{"href":"https:\/\/www.elsindical.com.ar\/notas\/wp-json\/wp\/v2\/posts"}],"about":[{"href":"https:\/\/www.elsindical.com.ar\/notas\/wp-json\/wp\/v2\/types\/post"}],"author":[{"embeddable":true,"href":"https:\/\/www.elsindical.com.ar\/notas\/wp-json\/wp\/v2\/users\/1"}],"replies":[{"embeddable":true,"href":"https:\/\/www.elsindical.com.ar\/notas\/wp-json\/wp\/v2\/comments?post=54264"}],"version-history":[{"count":1,"href":"https:\/\/www.elsindical.com.ar\/notas\/wp-json\/wp\/v2\/posts\/54264\/revisions"}],"predecessor-version":[{"id":54266,"href":"https:\/\/www.elsindical.com.ar\/notas\/wp-json\/wp\/v2\/posts\/54264\/revisions\/54266"}],"wp:attachment":[{"href":"https:\/\/www.elsindical.com.ar\/notas\/wp-json\/wp\/v2\/media?parent=54264"}],"wp:term":[{"taxonomy":"category","embeddable":true,"href":"https:\/\/www.elsindical.com.ar\/notas\/wp-json\/wp\/v2\/categories?post=54264"},{"taxonomy":"post_tag","embeddable":true,"href":"https:\/\/www.elsindical.com.ar\/notas\/wp-json\/wp\/v2\/tags?post=54264"}],"curies":[{"name":"wp","href":"https:\/\/api.w.org\/{rel}","templated":true}]}}