{"id":54261,"date":"2015-09-28T13:18:53","date_gmt":"2015-09-28T16:18:53","guid":{"rendered":"http:\/\/www.elsindical.com.ar\/notas\/?p=54261"},"modified":"2015-09-28T13:18:53","modified_gmt":"2015-09-28T16:18:53","slug":"no-se-pueden-recuperar-los-whatsapp-de-alberto-nisman","status":"publish","type":"post","link":"https:\/\/www.elsindical.com.ar\/notas\/no-se-pueden-recuperar-los-whatsapp-de-alberto-nisman\/","title":{"rendered":"No se pueden recuperar los Whatsapp de Alberto Nisman"},"content":{"rendered":"<p><em><a href=\"http:\/\/www.elsindical.com.ar\/notas\/var\/www\/html\/notas\/wp-content\/uploads\/2015\/09\/Nisman-mensajes.jpg\"><img loading=\"lazy\" decoding=\"async\" class=\"alignnone size-medium wp-image-54262\" src=\"http:\/\/www.elsindical.com.ar\/notas\/var\/www\/html\/notas\/wp-content\/uploads\/2015\/09\/Nisman-mensajes-300x169.jpg\" alt=\"Nisman-mensajes\" width=\"300\" height=\"169\" srcset=\"https:\/\/www.elsindical.com.ar\/notas\/var\/www\/html\/notas\/wp-content\/uploads\/2015\/09\/Nisman-mensajes-300x169.jpg 300w, https:\/\/www.elsindical.com.ar\/notas\/var\/www\/html\/notas\/wp-content\/uploads\/2015\/09\/Nisman-mensajes-500x282.jpg 500w, https:\/\/www.elsindical.com.ar\/notas\/var\/www\/html\/notas\/wp-content\/uploads\/2015\/09\/Nisman-mensajes.jpg 620w\" sizes=\"auto, (max-width: 300px) 100vw, 300px\" \/><\/a>\u00a0 La Polic\u00eda Metropolitana le inform\u00f3 a la fiscal Viviana Fein que \u201cno es factible acceder al contenido\u201d de esos mensajes, que fueron borrados de su tel\u00e9fono celular.\u00a0\u00a0\u00a0\u00a0\u00a0\u00a0\u00a0\u00a0\u00a0<\/em><\/p>\n<p>La Polic\u00eda Metropolitana le inform\u00f3 a la fiscal Viviana Fein que \u201cno es factible acceder al contenido\u201d de los mensajes del sistema de comunicaci\u00f3n Whatsapp del tel\u00e9fono de Alberto Nisman, que fue encontrado muerto el 18 de enero pasado.<\/p>\n<p>La Divisi\u00f3n Cibercrimen de la polic\u00eda porte\u00f1a, a trav\u00e9s del comisionado Gabriel Rojas, respondi\u00f3 de esa manera a una consulta de la fiscal sobre un planteo de los nuevos abogados de la querella por la muerte del ex titular de la UFI Amia.<\/p>\n<p>Los abogados Juan Pablo Vigliero, Manuel Romero Victorica y Federico Casal \u2013quienes representan a las hijas de Nisman- le pidieron a Fein una serie de medidas, entre ellas acceder al intercambio de mensajes de Whatsapp del difunto fiscal en los d\u00edas previos al deceso.<\/p>\n<p>Pero Fein respondi\u00f3 que \u201cse pudo determinar que no es factible acceder al contenido de los mensajes que se env\u00edan mediante la aplicaci\u00f3n Whatsapp\u201d, y cit\u00f3 como fuente de esa contestaci\u00f3n al comisionado Rojas.<\/p>\n<p>Adem\u00e1s, advirti\u00f3 que \u201cen el caso que las autoridades de Estados Unidos decidan responder a la consulta efectuada, lo \u00fanico que puede obtenerse son las conexiones\u201d, pero no el contenido.<\/p>\n<p>En ese sentido, s\u00f3lo ser\u00eda factible obtener \u201clas direcciones de IP\u201d, es decir la identificaci\u00f3n de la conexi\u00f3n de internet que utilizaron los aparatos de telefon\u00eda celular que utilizaron Whatsapp en relaci\u00f3n con Nisman.<\/p>\n<p>El tel\u00e9fono celular que utilizaba Nisman estaba vac\u00edo de contenidos de comunicaciones por ese sistema de intercambio de mensajes.<\/p>\n","protected":false},"excerpt":{"rendered":"<p>\u00a0 La Polic\u00eda Metropolitana le inform\u00f3 a la fiscal Viviana Fein que \u201cno es factible acceder al contenido\u201d de esos mensajes, que fueron borrados de su tel\u00e9fono celular.\u00a0\u00a0\u00a0\u00a0\u00a0\u00a0\u00a0\u00a0\u00a0 La Polic\u00eda Metropolitana le inform\u00f3 a la fiscal Viviana Fein que \u201cno es factible acceder al contenido\u201d de los mensajes del sistema de comunicaci\u00f3n Whatsapp del tel\u00e9fono&hellip;<\/p>\n","protected":false},"author":1,"featured_media":0,"comment_status":"open","ping_status":"open","sticky":false,"template":"","format":"standard","meta":{"footnotes":""},"categories":[20],"tags":[967,475,22221,1663,21109],"class_list":["post-54261","post","type-post","status-publish","format-standard","hentry","category-judiciales","tag-alberto-nisman","tag-amia","tag-metropoltana","tag-ufi","tag-viviana-fein"],"_links":{"self":[{"href":"https:\/\/www.elsindical.com.ar\/notas\/wp-json\/wp\/v2\/posts\/54261","targetHints":{"allow":["GET"]}}],"collection":[{"href":"https:\/\/www.elsindical.com.ar\/notas\/wp-json\/wp\/v2\/posts"}],"about":[{"href":"https:\/\/www.elsindical.com.ar\/notas\/wp-json\/wp\/v2\/types\/post"}],"author":[{"embeddable":true,"href":"https:\/\/www.elsindical.com.ar\/notas\/wp-json\/wp\/v2\/users\/1"}],"replies":[{"embeddable":true,"href":"https:\/\/www.elsindical.com.ar\/notas\/wp-json\/wp\/v2\/comments?post=54261"}],"version-history":[{"count":1,"href":"https:\/\/www.elsindical.com.ar\/notas\/wp-json\/wp\/v2\/posts\/54261\/revisions"}],"predecessor-version":[{"id":54263,"href":"https:\/\/www.elsindical.com.ar\/notas\/wp-json\/wp\/v2\/posts\/54261\/revisions\/54263"}],"wp:attachment":[{"href":"https:\/\/www.elsindical.com.ar\/notas\/wp-json\/wp\/v2\/media?parent=54261"}],"wp:term":[{"taxonomy":"category","embeddable":true,"href":"https:\/\/www.elsindical.com.ar\/notas\/wp-json\/wp\/v2\/categories?post=54261"},{"taxonomy":"post_tag","embeddable":true,"href":"https:\/\/www.elsindical.com.ar\/notas\/wp-json\/wp\/v2\/tags?post=54261"}],"curies":[{"name":"wp","href":"https:\/\/api.w.org\/{rel}","templated":true}]}}