{"id":54195,"date":"2015-09-24T19:56:17","date_gmt":"2015-09-24T22:56:17","guid":{"rendered":"http:\/\/www.elsindical.com.ar\/notas\/?p=54195"},"modified":"2015-09-24T19:56:17","modified_gmt":"2015-09-24T22:56:17","slug":"denunciamos-el-traslado-ilegal-del-banco-nacional-de-datos-geneticos","status":"publish","type":"post","link":"https:\/\/www.elsindical.com.ar\/notas\/denunciamos-el-traslado-ilegal-del-banco-nacional-de-datos-geneticos\/","title":{"rendered":"Denunciamos el traslado ilegal del Banco Nacional de Datos Gen\u00e9ticos"},"content":{"rendered":"<div><strong><a href=\"http:\/\/www.elsindical.com.ar\/notas\/var\/www\/html\/notas\/wp-content\/uploads\/2015\/09\/BNDG-no-al-traspaso.jpg\"><img loading=\"lazy\" decoding=\"async\" class=\"alignnone size-medium wp-image-54196\" src=\"http:\/\/www.elsindical.com.ar\/notas\/var\/www\/html\/notas\/wp-content\/uploads\/2015\/09\/BNDG-no-al-traspaso-300x160.jpg\" alt=\"BNDG-no-al-traspaso\" width=\"300\" height=\"160\" srcset=\"https:\/\/www.elsindical.com.ar\/notas\/var\/www\/html\/notas\/wp-content\/uploads\/2015\/09\/BNDG-no-al-traspaso-300x160.jpg 300w, https:\/\/www.elsindical.com.ar\/notas\/var\/www\/html\/notas\/wp-content\/uploads\/2015\/09\/BNDG-no-al-traspaso-500x266.jpg 500w, https:\/\/www.elsindical.com.ar\/notas\/var\/www\/html\/notas\/wp-content\/uploads\/2015\/09\/BNDG-no-al-traspaso.jpg 620w\" sizes=\"auto, (max-width: 300px) 100vw, 300px\" \/><\/a>Entraron como ladrones\u2026<\/strong><\/div>\n<p>El Estado Nacional se apresta a concretar el traslado del Banco Nacional de Datos Gen\u00e9ticos (BNDG) de su sede hist\u00f3rica del Hospital Durand a las oficinas del Ministerio de Ciencia y Tecnolog\u00eda de la Naci\u00f3n. Esta medida significa avanzar en el desmantelamiento del BNDG y en desvirtuar definitivamente los fines para los cuales fue creado: el de restituir la identidad de los chicos apropiados por los genocidas bajo la dictadura y garantizar, en general, el acceso universal al derecho a la identidad para toda la poblaci\u00f3n afectada por ese flagelo.<\/p>\n<p>Con su traslado, se pretende colocar el BNDG al servicio de los los especuladores de la salud. Al frente de su directorio fueron nombrados dos representantes de laboratorios privados dedicados al negocio de la gen\u00e9tica.<\/p>\n<p>El proceso de traslado de las muestras de material gen\u00e9tico resguardado en el BNDG que est\u00e1 llevando el gobierno nacional es ileg\u00edtimo. Fue emprendido sin existir\u00a0hasta la fecha\u00a0un convenio de traspaso y protocolo de confidencialidad firmado por el Gobierno de la Ciudad, como lo establece la ley. Denunciamos al Estado de la Ciudad Aut\u00f3noma de Buenos Aires\u00a0por lavarse las manos y omitir el resguardo del BNDG en la sede del Hospital de Agudos Carlos G. Durad.<\/p>\n<p>Como titulares de muestras gen\u00e9ticas obrantes del\u00a0BNDG, no se nos ha solicitado un consentimiento e informado acerca del proceso que se est\u00e1 llevando a cabo. Esto es de suma gravedad ya que los \u00fanicos due\u00f1os de las muestras de sangre somos los familiares, no son propiedad del banco ni de ning\u00fan organismo estatal. El Estado no s\u00f3lo tiene el deber de resguardarlas\u00a0sino que tienen la obligaci\u00f3n de informar de cualquier medida que lleve a cabo con referencia a dichas muestras.<\/p>\n<p>No se han dado a conocer las identidades de quienes se presentan como \u201cauditores responsables\u201d y est\u00e1n manipulando la informaci\u00f3n de las muestras; no nos han convocado a firmar ning\u00fan pacto de confidencialidad al respecto ni fueron convocados veedores en consulta con la Corte Suprema de Justicia, las C\u00e1maras del Congreso de la Naci\u00f3n u organismos de derechos humanos que no sean funcionales al gobierno de turno, cuando existe en tr\u00e1mite un recurso ante la Corte Suprema contra este despojo del hospital p\u00fablico y la manipulaci\u00f3n de las muestras resguardadas en el BNDG.<\/p>\n<p>Esta manipulaci\u00f3n del BNDG es ilegitima y violenta -una vez m\u00e1s- nuestro derecho a la identidad, verdad, justicia y memoria.<\/p>\n<p>Denunciamos la mala fe del Estado Nacional, que lleva adelante esta maniobra que ha sido denunciada reiteradamente por quienes conformamos la Mesa de trabajo \u201cTodos por el Banco\u201d.<\/p>\n<div>Nuevamente decimos:<\/div>\n<p>No al traslado y vaciamiento del BNDG.<\/p>\n<p>Por el acceso universal al derecho a la Identidad.<\/p>\n<p><strong>Mesa de Trabajo \u201cTodos por el Banco\u201d<\/strong><\/p>\n<p>Mar\u00eda Isabel \u00abChicha\u00bb Chorobik de Mariani &#8211; Abuela de Plaza de Mayo Fundadora, Vice- Presidenta de Asociaci\u00f3n Anah\u00ed.<\/p>\n<p>Elsa Pav\u00f3n- Abuela de Plaza de Mayo, Presidenta de Asociaci\u00f3n Anah\u00ed<\/p>\n<p>Mirta Acu\u00f1a de Baravalle- Abuela y Madre de Plaza de Mayo, L\u00ednea Fundadora<\/p>\n<div>Asociaci\u00f3n Ex- Detenidos Desaparecidos (AEDD)<\/div>\n<div>Asociaci\u00f3n Profesionales en Lucha (APEL)<\/div>\n<p>Agrupaci\u00f3n por los Derechos Humanos \u00bfQui\u00e9nes Somos?<\/p>\n<div>Colectivo Memoria Militante<\/div>\n<div>Hijos La Plata<\/div>\n<div><\/div>\n<div><strong>Contactos:<\/strong><\/div>\n<p>Margarita Pinto (Colectivo Memoria Militante) 011-1559825936<\/p>\n<p>Marcela Gudi\u00f1o (Colectivo Memoria Militante): 15 6971 3421<\/p>\n<div>Gabriela Figueroa (abogada): 15 6622 2610<\/div>\n<div>Diego Aysine (abogado, APEL): 15 6442 2064<\/div>\n","protected":false},"excerpt":{"rendered":"<p>Entraron como ladrones\u2026 El Estado Nacional se apresta a concretar el traslado del Banco Nacional de Datos Gen\u00e9ticos (BNDG) de su sede hist\u00f3rica del Hospital Durand a las oficinas del Ministerio de Ciencia y Tecnolog\u00eda de la Naci\u00f3n. Esta medida significa avanzar en el desmantelamiento del BNDG y en desvirtuar definitivamente los fines para los&hellip;<\/p>\n","protected":false},"author":1,"featured_media":0,"comment_status":"open","ping_status":"open","sticky":false,"template":"","format":"standard","meta":{"footnotes":""},"categories":[6],"tags":[7463,2917],"class_list":["post-54195","post","type-post","status-publish","format-standard","hentry","category-denuncias","tag-bndg","tag-hospital-durand"],"_links":{"self":[{"href":"https:\/\/www.elsindical.com.ar\/notas\/wp-json\/wp\/v2\/posts\/54195","targetHints":{"allow":["GET"]}}],"collection":[{"href":"https:\/\/www.elsindical.com.ar\/notas\/wp-json\/wp\/v2\/posts"}],"about":[{"href":"https:\/\/www.elsindical.com.ar\/notas\/wp-json\/wp\/v2\/types\/post"}],"author":[{"embeddable":true,"href":"https:\/\/www.elsindical.com.ar\/notas\/wp-json\/wp\/v2\/users\/1"}],"replies":[{"embeddable":true,"href":"https:\/\/www.elsindical.com.ar\/notas\/wp-json\/wp\/v2\/comments?post=54195"}],"version-history":[{"count":1,"href":"https:\/\/www.elsindical.com.ar\/notas\/wp-json\/wp\/v2\/posts\/54195\/revisions"}],"predecessor-version":[{"id":54197,"href":"https:\/\/www.elsindical.com.ar\/notas\/wp-json\/wp\/v2\/posts\/54195\/revisions\/54197"}],"wp:attachment":[{"href":"https:\/\/www.elsindical.com.ar\/notas\/wp-json\/wp\/v2\/media?parent=54195"}],"wp:term":[{"taxonomy":"category","embeddable":true,"href":"https:\/\/www.elsindical.com.ar\/notas\/wp-json\/wp\/v2\/categories?post=54195"},{"taxonomy":"post_tag","embeddable":true,"href":"https:\/\/www.elsindical.com.ar\/notas\/wp-json\/wp\/v2\/tags?post=54195"}],"curies":[{"name":"wp","href":"https:\/\/api.w.org\/{rel}","templated":true}]}}