{"id":54189,"date":"2015-09-24T18:35:46","date_gmt":"2015-09-24T21:35:46","guid":{"rendered":"http:\/\/www.elsindical.com.ar\/notas\/?p=54189"},"modified":"2015-09-24T18:35:46","modified_gmt":"2015-09-24T21:35:46","slug":"se-le-incendio-el-auto-y-se-fugo-tenia-100-k-de-droga-en-el-baul","status":"publish","type":"post","link":"https:\/\/www.elsindical.com.ar\/notas\/se-le-incendio-el-auto-y-se-fugo-tenia-100-k-de-droga-en-el-baul\/","title":{"rendered":"Se le incendi\u00f3 el auto y se fug\u00f3: ten\u00eda 100 k. de droga en el ba\u00fal"},"content":{"rendered":"<p><em><a href=\"http:\/\/www.elsindical.com.ar\/notas\/var\/www\/html\/notas\/wp-content\/uploads\/2015\/09\/incendio-auto-drogas.jpg\"><img loading=\"lazy\" decoding=\"async\" class=\"alignnone size-medium wp-image-54190\" src=\"http:\/\/www.elsindical.com.ar\/notas\/var\/www\/html\/notas\/wp-content\/uploads\/2015\/09\/incendio-auto-drogas-300x169.jpg\" alt=\"incendio-auto-drogas\" width=\"300\" height=\"169\" srcset=\"https:\/\/www.elsindical.com.ar\/notas\/var\/www\/html\/notas\/wp-content\/uploads\/2015\/09\/incendio-auto-drogas-300x169.jpg 300w, https:\/\/www.elsindical.com.ar\/notas\/var\/www\/html\/notas\/wp-content\/uploads\/2015\/09\/incendio-auto-drogas-500x282.jpg 500w, https:\/\/www.elsindical.com.ar\/notas\/var\/www\/html\/notas\/wp-content\/uploads\/2015\/09\/incendio-auto-drogas.jpg 620w\" sizes=\"auto, (max-width: 300px) 100vw, 300px\" \/><\/a>\u00a0 Para sorpresa de los transe\u00fantes, el due\u00f1o se baj\u00f3 del veh\u00edcuo y sali\u00f3 corriendo apenas se produjo el fuego sin siquiera tratar de apagarlo. Luego, la polic\u00eda hall\u00f3 el cargamento.\u00a0\u00a0<\/em><\/p>\n<p>Un cargamento de marihuana que rondar\u00eda los cien kilos fue hallado hoy por la polic\u00eda en un auto que comenz\u00f3 a incendiarse a pocas cuadras del Congreso Nacional y fue abandonado inmediatamente por su conductor, que huy\u00f3 corriendo.<\/p>\n<p>El curioso episodio ocurri\u00f3 esta tarde, cuando un Citro\u00ebn C3 empez\u00f3 a incendiarse en Rivadavia y Rinc\u00f3n de esta capital, en el barrio porte\u00f1o de Balvanera, a metros del m\u00edtico \u00abCaf\u00e9 de los Angelitos\u00bb y a unas pocas cuadras del Parlamento.<\/p>\n<p>Seg\u00fan algunos testigos, el conductor baj\u00f3 r\u00e1pidamente del auto y huy\u00f3 corriendo por la calle Rinc\u00f3n.<\/p>\n<p>Entonces algunos vecinos y empleados de comercios cercanos apelaron a matafuegos para contener el siniestro.<br \/>\nAvisada la polic\u00eda, los efectivos de la Polic\u00eda Federal requisaron el auto y descubrieron que en el ba\u00fal hab\u00eda, prolijamente empaquetados, alrededor de 124 \u00abladrillos\u00bb de marihuana, que pesar\u00edan cerca de 100 kilos.<\/p>\n<p>Tras el ins\u00f3lito hecho, la polic\u00eda buscaba al conductor y\/o due\u00f1o del auto a partir de los datos del veh\u00edculo.<\/p>\n","protected":false},"excerpt":{"rendered":"<p>\u00a0 Para sorpresa de los transe\u00fantes, el due\u00f1o se baj\u00f3 del veh\u00edcuo y sali\u00f3 corriendo apenas se produjo el fuego sin siquiera tratar de apagarlo. Luego, la polic\u00eda hall\u00f3 el cargamento.\u00a0\u00a0 Un cargamento de marihuana que rondar\u00eda los cien kilos fue hallado hoy por la polic\u00eda en un auto que comenz\u00f3 a incendiarse a pocas&hellip;<\/p>\n","protected":false},"author":1,"featured_media":0,"comment_status":"open","ping_status":"open","sticky":false,"template":"","format":"standard","meta":{"footnotes":""},"categories":[22],"tags":[3234,664,698],"class_list":["post-54189","post","type-post","status-publish","format-standard","hentry","category-policiales","tag-congreso-nacional","tag-marihuana","tag-pfa"],"_links":{"self":[{"href":"https:\/\/www.elsindical.com.ar\/notas\/wp-json\/wp\/v2\/posts\/54189","targetHints":{"allow":["GET"]}}],"collection":[{"href":"https:\/\/www.elsindical.com.ar\/notas\/wp-json\/wp\/v2\/posts"}],"about":[{"href":"https:\/\/www.elsindical.com.ar\/notas\/wp-json\/wp\/v2\/types\/post"}],"author":[{"embeddable":true,"href":"https:\/\/www.elsindical.com.ar\/notas\/wp-json\/wp\/v2\/users\/1"}],"replies":[{"embeddable":true,"href":"https:\/\/www.elsindical.com.ar\/notas\/wp-json\/wp\/v2\/comments?post=54189"}],"version-history":[{"count":1,"href":"https:\/\/www.elsindical.com.ar\/notas\/wp-json\/wp\/v2\/posts\/54189\/revisions"}],"predecessor-version":[{"id":54191,"href":"https:\/\/www.elsindical.com.ar\/notas\/wp-json\/wp\/v2\/posts\/54189\/revisions\/54191"}],"wp:attachment":[{"href":"https:\/\/www.elsindical.com.ar\/notas\/wp-json\/wp\/v2\/media?parent=54189"}],"wp:term":[{"taxonomy":"category","embeddable":true,"href":"https:\/\/www.elsindical.com.ar\/notas\/wp-json\/wp\/v2\/categories?post=54189"},{"taxonomy":"post_tag","embeddable":true,"href":"https:\/\/www.elsindical.com.ar\/notas\/wp-json\/wp\/v2\/tags?post=54189"}],"curies":[{"name":"wp","href":"https:\/\/api.w.org\/{rel}","templated":true}]}}