{"id":54186,"date":"2015-09-24T01:07:22","date_gmt":"2015-09-24T04:07:22","guid":{"rendered":"http:\/\/www.elsindical.com.ar\/notas\/?p=54186"},"modified":"2015-09-24T01:07:22","modified_gmt":"2015-09-24T04:07:22","slug":"avellaneda-policias-locales-sin-servicio","status":"publish","type":"post","link":"https:\/\/www.elsindical.com.ar\/notas\/avellaneda-policias-locales-sin-servicio\/","title":{"rendered":"Avellaneda: Polic\u00edas locales sin servicio"},"content":{"rendered":"<p><a href=\"http:\/\/www.elsindical.com.ar\/notas\/var\/www\/html\/notas\/wp-content\/uploads\/2015\/09\/uniforme-polic\u00eda-local.jpg\"><img loading=\"lazy\" decoding=\"async\" class=\"alignnone size-medium wp-image-54187\" src=\"http:\/\/www.elsindical.com.ar\/notas\/var\/www\/html\/notas\/wp-content\/uploads\/2015\/09\/uniforme-polic\u00eda-local-225x300.jpg\" alt=\"uniforme-polic\u00eda-local\" width=\"225\" height=\"300\" srcset=\"https:\/\/www.elsindical.com.ar\/notas\/var\/www\/html\/notas\/wp-content\/uploads\/2015\/09\/uniforme-polic\u00eda-local-225x300.jpg 225w, https:\/\/www.elsindical.com.ar\/notas\/var\/www\/html\/notas\/wp-content\/uploads\/2015\/09\/uniforme-polic\u00eda-local.jpg 531w\" sizes=\"auto, (max-width: 225px) 100vw, 225px\" \/><\/a> En una nueva muestra de improvisaci\u00f3n, la gesti\u00f3n del intendente Jorge Ferraresi no cesa en su ineficiencia y la venta de humo con actos que inaugura obras sin terminar, con desperfectos, edificios sin empleados, unidades sanitarias sin m\u00e9dicos, destacamentos con personal que no patrulla.<\/p>\n<p>Hace unos d\u00edas <a href=\"http:\/\/www.elsindical.com.ar\/notas\/se-suman-62-nuevos-agentes-a-la-policia-local-de-avellaneda\/\">public\u00e1bamos el comunicado de prensa del municipio respecto al egreso de 62 nuevos polic\u00edas locales <\/a>y en las fotos se ve\u00eda a un intendente festejando, la realidad es que esos 62 nuevos polic\u00edas a la fecha cumplen tareas de civil, sin armas y en la UTN, los motivos, la falta de armamento, es evidente que esto sumado a las c\u00e1maras que no funcionan correctamente hacen ver a la gesti\u00f3n muy poco seria en lo que a seguridad se refiere y ya las miradas incluso de funcionarios del ejecutivo local se vuelven a M\u00f3nica Ghirelli, que ha vuelto a caer su imagen en la misma medida que no tiene activa participaci\u00f3n con los vecinos.<\/p>\n","protected":false},"excerpt":{"rendered":"<p>En una nueva muestra de improvisaci\u00f3n, la gesti\u00f3n del intendente Jorge Ferraresi no cesa en su ineficiencia y la venta de humo con actos que inaugura obras sin terminar, con desperfectos, edificios sin empleados, unidades sanitarias sin m\u00e9dicos, destacamentos con personal que no patrulla. Hace unos d\u00edas public\u00e1bamos el comunicado de prensa del municipio respecto&hellip;<\/p>\n","protected":false},"author":1,"featured_media":0,"comment_status":"open","ping_status":"open","sticky":false,"template":"","format":"standard","meta":{"footnotes":""},"categories":[25],"tags":[],"class_list":["post-54186","post","type-post","status-publish","format-standard","hentry","category-sociedad"],"_links":{"self":[{"href":"https:\/\/www.elsindical.com.ar\/notas\/wp-json\/wp\/v2\/posts\/54186","targetHints":{"allow":["GET"]}}],"collection":[{"href":"https:\/\/www.elsindical.com.ar\/notas\/wp-json\/wp\/v2\/posts"}],"about":[{"href":"https:\/\/www.elsindical.com.ar\/notas\/wp-json\/wp\/v2\/types\/post"}],"author":[{"embeddable":true,"href":"https:\/\/www.elsindical.com.ar\/notas\/wp-json\/wp\/v2\/users\/1"}],"replies":[{"embeddable":true,"href":"https:\/\/www.elsindical.com.ar\/notas\/wp-json\/wp\/v2\/comments?post=54186"}],"version-history":[{"count":1,"href":"https:\/\/www.elsindical.com.ar\/notas\/wp-json\/wp\/v2\/posts\/54186\/revisions"}],"predecessor-version":[{"id":54188,"href":"https:\/\/www.elsindical.com.ar\/notas\/wp-json\/wp\/v2\/posts\/54186\/revisions\/54188"}],"wp:attachment":[{"href":"https:\/\/www.elsindical.com.ar\/notas\/wp-json\/wp\/v2\/media?parent=54186"}],"wp:term":[{"taxonomy":"category","embeddable":true,"href":"https:\/\/www.elsindical.com.ar\/notas\/wp-json\/wp\/v2\/categories?post=54186"},{"taxonomy":"post_tag","embeddable":true,"href":"https:\/\/www.elsindical.com.ar\/notas\/wp-json\/wp\/v2\/tags?post=54186"}],"curies":[{"name":"wp","href":"https:\/\/api.w.org\/{rel}","templated":true}]}}