{"id":5408,"date":"2010-04-08T00:21:15","date_gmt":"2010-04-08T03:21:15","guid":{"rendered":"http:\/\/www.elsindical.com.ar\/notas\/?p=5408"},"modified":"2010-04-08T00:21:15","modified_gmt":"2010-04-08T03:21:15","slug":"la-cta-organiza-seminario-sobre-los-dd-hh","status":"publish","type":"post","link":"https:\/\/www.elsindical.com.ar\/notas\/la-cta-organiza-seminario-sobre-los-dd-hh\/","title":{"rendered":"La CTA organiza seminario sobre los DD.HH."},"content":{"rendered":"<p style=\"text-align: justify;\"><em><a href=\"http:\/\/www.elsindical.com.ar\/notas\/var\/www\/html\/notas\/wp-content\/uploads\/2010\/04\/Ricardo-Peidro.jpg\"><img loading=\"lazy\" decoding=\"async\" class=\"alignleft size-full wp-image-5409\" title=\"Ricardo-Peidro\" src=\"http:\/\/www.elsindical.com.ar\/notas\/var\/www\/html\/notas\/wp-content\/uploads\/2010\/04\/Ricardo-Peidro.jpg\" alt=\"\" width=\"170\" height=\"170\" srcset=\"https:\/\/www.elsindical.com.ar\/notas\/var\/www\/html\/notas\/wp-content\/uploads\/2010\/04\/Ricardo-Peidro.jpg 170w, https:\/\/www.elsindical.com.ar\/notas\/var\/www\/html\/notas\/wp-content\/uploads\/2010\/04\/Ricardo-Peidro-150x150.jpg 150w\" sizes=\"auto, (max-width: 170px) 100vw, 170px\" \/><\/a>La secretar\u00eda de Derechos Humanos de la Central de los Trabajadores Argentinos (CTA) inform\u00f3 que lanzar\u00e1 el ciclo de seminarios \u00abLos Derechos Humanos hoy: an\u00e1lisis y debate sobre la Rep\u00fablica Argentina\u00bb, en el marco de \u00abla lucha por la Memoria, la Verdad y la Justicia\u00bb.<\/em><\/p>\n<p style=\"text-align: justify;\">El primer encuentro se realizar\u00e1 a las 18.30 del mi\u00e9rcoles 14 en el Sal\u00f3n Azul de la sede nacional de la CTA, Piedras al 1000.<\/p>\n<p style=\"text-align: justify;\">En la ocasi\u00f3n, fue organizada una mesa-debate sobre los temas \u00abEl Genocidio en Argentina: las cuestiones pendientes\u00bb y \u00abL\u00edmites de los Juicios y Responsabilidades Judiciales de los Grupos Econ\u00f3micos\u00bb, en la que participar\u00e1 Carlos Slepoy, abogado querellante en juicios sobre terrorismo de Estado en Argentina en la Audiencia Nacional de Madrid, inform\u00f3 la corriente nacional.<\/p>\n<p style=\"text-align: justify;\">El coordinador del seminario ser\u00e1 Ricardo Peidro, secretario de Derechos Humanos de la CTA nacional y titular de la Asociaci\u00f3n Agentes de Propaganda M\u00e9dica (AAPM).<\/p>\n","protected":false},"excerpt":{"rendered":"<p>La secretar\u00eda de Derechos Humanos de la Central de los Trabajadores Argentinos (CTA) inform\u00f3 que lanzar\u00e1 el ciclo de seminarios \u00abLos Derechos Humanos hoy: an\u00e1lisis y debate sobre la Rep\u00fablica Argentina\u00bb, en el marco de \u00abla lucha por la Memoria, la Verdad y la Justicia\u00bb. El primer encuentro se realizar\u00e1 a las 18.30 del mi\u00e9rcoles&hellip;<\/p>\n","protected":false},"author":1,"featured_media":0,"comment_status":"open","ping_status":"open","sticky":false,"template":"","format":"standard","meta":{"footnotes":""},"categories":[8],"tags":[2877,184,22022,2878,125],"class_list":["post-5408","post","type-post","status-publish","format-standard","hentry","category-derechos-humanos","tag-central","tag-cta","tag-derechos-humanos","tag-republica-argentina","tag-trabajadores"],"_links":{"self":[{"href":"https:\/\/www.elsindical.com.ar\/notas\/wp-json\/wp\/v2\/posts\/5408","targetHints":{"allow":["GET"]}}],"collection":[{"href":"https:\/\/www.elsindical.com.ar\/notas\/wp-json\/wp\/v2\/posts"}],"about":[{"href":"https:\/\/www.elsindical.com.ar\/notas\/wp-json\/wp\/v2\/types\/post"}],"author":[{"embeddable":true,"href":"https:\/\/www.elsindical.com.ar\/notas\/wp-json\/wp\/v2\/users\/1"}],"replies":[{"embeddable":true,"href":"https:\/\/www.elsindical.com.ar\/notas\/wp-json\/wp\/v2\/comments?post=5408"}],"version-history":[{"count":1,"href":"https:\/\/www.elsindical.com.ar\/notas\/wp-json\/wp\/v2\/posts\/5408\/revisions"}],"predecessor-version":[{"id":5410,"href":"https:\/\/www.elsindical.com.ar\/notas\/wp-json\/wp\/v2\/posts\/5408\/revisions\/5410"}],"wp:attachment":[{"href":"https:\/\/www.elsindical.com.ar\/notas\/wp-json\/wp\/v2\/media?parent=5408"}],"wp:term":[{"taxonomy":"category","embeddable":true,"href":"https:\/\/www.elsindical.com.ar\/notas\/wp-json\/wp\/v2\/categories?post=5408"},{"taxonomy":"post_tag","embeddable":true,"href":"https:\/\/www.elsindical.com.ar\/notas\/wp-json\/wp\/v2\/tags?post=5408"}],"curies":[{"name":"wp","href":"https:\/\/api.w.org\/{rel}","templated":true}]}}