{"id":54078,"date":"2015-09-17T19:56:25","date_gmt":"2015-09-17T22:56:25","guid":{"rendered":"http:\/\/www.elsindical.com.ar\/notas\/?p=54078"},"modified":"2015-09-17T19:56:25","modified_gmt":"2015-09-17T22:56:25","slug":"scioli-recibio-a-dirigentes-de-la-catt","status":"publish","type":"post","link":"https:\/\/www.elsindical.com.ar\/notas\/scioli-recibio-a-dirigentes-de-la-catt\/","title":{"rendered":"Scioli recibi\u00f3 a dirigentes de la CATT"},"content":{"rendered":"<p class=\"copete\"><em><a href=\"http:\/\/www.elsindical.com.ar\/notas\/var\/www\/html\/notas\/wp-content\/uploads\/2015\/09\/Scioli-y-la-CATT.jpg\"><img loading=\"lazy\" decoding=\"async\" class=\"alignnone size-medium wp-image-54079\" src=\"http:\/\/www.elsindical.com.ar\/notas\/var\/www\/html\/notas\/wp-content\/uploads\/2015\/09\/Scioli-y-la-CATT-300x176.jpg\" alt=\"Scioli y la CATT\" width=\"300\" height=\"176\" srcset=\"https:\/\/www.elsindical.com.ar\/notas\/var\/www\/html\/notas\/wp-content\/uploads\/2015\/09\/Scioli-y-la-CATT-300x176.jpg 300w, https:\/\/www.elsindical.com.ar\/notas\/var\/www\/html\/notas\/wp-content\/uploads\/2015\/09\/Scioli-y-la-CATT-500x293.jpg 500w, https:\/\/www.elsindical.com.ar\/notas\/var\/www\/html\/notas\/wp-content\/uploads\/2015\/09\/Scioli-y-la-CATT.jpg 690w\" sizes=\"auto, (max-width: 300px) 100vw, 300px\" \/><\/a>\u00a0 El candidato a presidente por el FpV se reuni\u00f3 este mediod\u00eda con los principales referentes de los gremios del transporte. Analizaron la situaci\u00f3n del sector y coincidieron en la necesidad de crear un Ministerio de Transporte y Log\u00edstica.<\/em><\/p>\n<p>Luego de reunirse con Sergio Massa, Mauricio Macri, Margarita Stolbizer y Jorge Altamira, una veintena de dirigentes de la <strong>Confederaci\u00f3n Argentina de Trabajadores del Transporte (CATT)<\/strong> fueron recibidos por el gobernador bonaerense, Daniel Scioli, en la sede porte\u00f1a del Banco Provincia.<\/p>\n<p>La comitiva sindical estuvo encabezada por el titular de la CATT, <strong>Juan Carlos Schmid<\/strong>, quien tras el encuentro asegur\u00f3 que \u00aben algo que coincidimos plenamente fue en la creaci\u00f3n de un Ministerio de Transporte y Log\u00edstica\u00bb. Adem\u00e1s inform\u00f3 que, al igual que a otros candidatos presidenciables, \u00ababordaron los temas espec\u00edficos\u00bb del sector.<\/p>\n<p>Schmid estuvo acompa\u00f1ado por<strong> Omar Maturano <\/strong>(La Fraternidad), <strong>Daniel Ocampo<\/strong> (petroleros flota),<strong> Omar P\u00e9rez<\/strong> (Camioneros), <strong>Rub\u00e9n Fern\u00e1ndez <\/strong>(UPSA), <strong>Roberto Coria <\/strong>(Guincheros),<strong> Roberto Fern\u00e1ndez<\/strong> (UTA) y<strong> Alejandro Kogan<\/strong> (Aeronavegantes), entre otros dirigentes representantes del \u00e1rea.<\/p>\n<p>\u00abHemos tenido una entrevista que para nosotros es muy importante, ya sea por el s\u00f3lo hecho que se haga un enfoque de esta naturaleza y se lo ponga al tope de la gesti\u00f3n\u201d, subray\u00f3 Schmid, al mismo tiempo que admiti\u00f3 que \u201c<strong>en una reuni\u00f3n de una hora no se puede desarrollar todo un programa de gobierno<\/strong>, pero hemos quedado con algunos funcionarios en constituir una mesa de trabajo por la diversidad que tiene nuestro sector\u201d.<\/p>\n<p>En este contexto, Schmid hizo un llamado a los gremios del transporte que actualmente no est\u00e1n en la CATT como la Uni\u00f3n Ferroviaria, los taxistas de (Omar) Viviani y el SOMU de (Omar) Su\u00e1rez, a \u201cregresar al seno de la Confederaci\u00f3n\u201d. \u201cLa CATT va a tener elecciones para renovar mandato en marzo y lo que nosotros queremos es que vuelvan todos, porque los problemas los tenemos que abordar en conjunto\u201d, se\u00f1al\u00f3.<\/p>\n","protected":false},"excerpt":{"rendered":"<p>\u00a0 El candidato a presidente por el FpV se reuni\u00f3 este mediod\u00eda con los principales referentes de los gremios del transporte. Analizaron la situaci\u00f3n del sector y coincidieron en la necesidad de crear un Ministerio de Transporte y Log\u00edstica. Luego de reunirse con Sergio Massa, Mauricio Macri, Margarita Stolbizer y Jorge Altamira, una veintena de&hellip;<\/p>\n","protected":false},"author":1,"featured_media":0,"comment_status":"open","ping_status":"open","sticky":false,"template":"","format":"standard","meta":{"footnotes":""},"categories":[16],"tags":[22175,983,877],"class_list":["post-54078","post","type-post","status-publish","format-standard","hentry","category-gremiales","tag-catt","tag-daniel-scioli","tag-uta"],"_links":{"self":[{"href":"https:\/\/www.elsindical.com.ar\/notas\/wp-json\/wp\/v2\/posts\/54078","targetHints":{"allow":["GET"]}}],"collection":[{"href":"https:\/\/www.elsindical.com.ar\/notas\/wp-json\/wp\/v2\/posts"}],"about":[{"href":"https:\/\/www.elsindical.com.ar\/notas\/wp-json\/wp\/v2\/types\/post"}],"author":[{"embeddable":true,"href":"https:\/\/www.elsindical.com.ar\/notas\/wp-json\/wp\/v2\/users\/1"}],"replies":[{"embeddable":true,"href":"https:\/\/www.elsindical.com.ar\/notas\/wp-json\/wp\/v2\/comments?post=54078"}],"version-history":[{"count":1,"href":"https:\/\/www.elsindical.com.ar\/notas\/wp-json\/wp\/v2\/posts\/54078\/revisions"}],"predecessor-version":[{"id":54080,"href":"https:\/\/www.elsindical.com.ar\/notas\/wp-json\/wp\/v2\/posts\/54078\/revisions\/54080"}],"wp:attachment":[{"href":"https:\/\/www.elsindical.com.ar\/notas\/wp-json\/wp\/v2\/media?parent=54078"}],"wp:term":[{"taxonomy":"category","embeddable":true,"href":"https:\/\/www.elsindical.com.ar\/notas\/wp-json\/wp\/v2\/categories?post=54078"},{"taxonomy":"post_tag","embeddable":true,"href":"https:\/\/www.elsindical.com.ar\/notas\/wp-json\/wp\/v2\/tags?post=54078"}],"curies":[{"name":"wp","href":"https:\/\/api.w.org\/{rel}","templated":true}]}}