{"id":53991,"date":"2015-09-14T08:10:29","date_gmt":"2015-09-14T11:10:29","guid":{"rendered":"http:\/\/www.elsindical.com.ar\/notas\/?p=53991"},"modified":"2015-09-14T08:10:29","modified_gmt":"2015-09-14T11:10:29","slug":"liniers-se-movilizan-en-busca-de-testigos-de-un-asesinato","status":"publish","type":"post","link":"https:\/\/www.elsindical.com.ar\/notas\/liniers-se-movilizan-en-busca-de-testigos-de-un-asesinato\/","title":{"rendered":"Liniers: Se movilizan en busca de testigos de un asesinato"},"content":{"rendered":"<p class=\"p1 newDetailTextChange\"><em><a href=\"http:\/\/www.elsindical.com.ar\/notas\/var\/www\/html\/notas\/wp-content\/uploads\/2015\/09\/Paula-D\u00edaz.jpg\"><img loading=\"lazy\" decoding=\"async\" class=\"alignnone size-medium wp-image-53992\" src=\"http:\/\/www.elsindical.com.ar\/notas\/var\/www\/html\/notas\/wp-content\/uploads\/2015\/09\/Paula-D\u00edaz-300x197.jpg\" alt=\"Paula-D\u00edaz\" width=\"300\" height=\"197\" srcset=\"https:\/\/www.elsindical.com.ar\/notas\/var\/www\/html\/notas\/wp-content\/uploads\/2015\/09\/Paula-D\u00edaz-300x197.jpg 300w, https:\/\/www.elsindical.com.ar\/notas\/var\/www\/html\/notas\/wp-content\/uploads\/2015\/09\/Paula-D\u00edaz-458x300.jpg 458w, https:\/\/www.elsindical.com.ar\/notas\/var\/www\/html\/notas\/wp-content\/uploads\/2015\/09\/Paula-D\u00edaz.jpg 531w\" sizes=\"auto, (max-width: 300px) 100vw, 300px\" \/><\/a>\u00a0 La movilizaci\u00f3n comenzar\u00e1 ma\u00f1ana a las 16:30 sobre la General Paz, entre Ram\u00f3n Falc\u00f3n y avenida Rivadavia, mano a Provincia en Liniers, a la altura de las paradas de colectivos, lugar donde la v\u00edctima recibi\u00f3 el disparo.<\/em><\/p>\n<p class=\"newDetailTextChange\">Familiares y amigos de la estudiante de gastronom\u00eda <b>Paula D\u00edaz<\/b>, asesinada de un balazo en la cabeza en diciembre pasado cuando volv\u00eda de un recital de Babas\u00f3nicos en una camioneta conducida por su novio, se movilizar\u00e1n ma\u00f1ana en el barrio porte\u00f1o de Liniers en busca de testigos que presenciaron el ataque.<\/p>\n<div>\n<p>La movilizaci\u00f3n comenzar\u00e1 a las 16.30 sobre la General Paz, entre Ram\u00f3n Falc\u00f3n y avenida Rivadavia, mano a provincia, a la altura de las paradas de colectivos, lugar donde la v\u00edctima <b>recibi\u00f3 el disparo.<\/b><\/p>\n<p>Los organizadores de la marcha anunciaron que una hora antes saldr\u00e1n micros desde los cruces de Guillermo Marconi con la ruta 3 y con la calle Santos Dumont, en Isidro Casanova.<\/p>\n<p>\u00abHay una recompensa de doscientos mil pesos para los testigos que aporten datos que identifiquen a el o los autores del homicidio de mi hija\u00bb, dijo <b>Patricia Galloli<\/b>, madre de Paula (20).<\/p>\n<p>La fiscal Estela Andrades, a cargo de la causa, solicit\u00f3 tambi\u00e9n a todas aquellas personas que hayan presenciado el hecho, o puedan aportar informaci\u00f3n sobre la identidad de los agresores, que se comuniquen con a los tel\u00e9fonos (011) 5171-5651 y (011) 5171-5652, o concurran a la comisar\u00eda 44ta. de la Polic\u00eda Federal, situada en Manuel Porcel de Peralta 726.<\/p>\n<p>\u00abNecesitamos que si alguien vio algo declare para<b> encontrar al que mat\u00f3 a nuestra hija. <\/b>Todav\u00eda sigue libre por ah\u00ed y puede hacer lo mismo con otra persona\u00bb, asegur\u00f3 Patricia. El hecho ocurri\u00f3 el 14 de diciembre de 2014, entre las 4.20 y las 4.45, cuando la v\u00edctima volv\u00eda de un recital del grupo Babas\u00f3nicos junto a su novio, llamado Hugo Carrizo (27), a bordo de una camioneta Jeep Patriot Negra, patente NDR-034.<\/p>\n<p>De acuerdo a lo establecido hasta el momento durante la etapa de instrucci\u00f3n, la pareja hab\u00eda ido al estadio Mandarine Park, en Costanera Norte, y luego a un bar de la zona de Palermo, donde no tuvieron discusiones <b>ni peleas con ninguna persona. <\/b><\/p>\n<p>El novio de Paula condujo por avenida Juan B. Justo, cruz\u00f3 por debajo el puente de General Paz para luego retomarlo y dirigirse hacia provincia. Al llegar a las paradas de colectivos, el muchacho escuch\u00f3 una detonaci\u00f3n, por lo que pens\u00f3 que le hab\u00edan arrojado una piedra.<\/p>\n<p>Sin embargo, se dio cuenta que la ventanilla trasera derecha estaba rota, que su novia estaba inconsciente y ten\u00eda la cabeza ensangrentada, por lo que baj\u00f3 al destacamento policial apostado debajo del puente.<\/p>\n<p>La joven fue trasladada de urgencia al Hospital Santojanni por el mismo novio y escoltado por los efectivos, ya que la ambulancia del Sistema de Atenci\u00f3n M\u00e9dica de Emergencia (SAME)<b> no concurri\u00f3 al lugar.<\/b><\/p>\n<p>A ra\u00edz del disparo, Paula qued\u00f3 con muerte cerebral y sus padres decidieron al d\u00eda siguiente donar sus \u00f3rganos.<br \/>\nPor su parte, el novio de la chica solamente pudo ver el paso de una Volkswagen Suran blanca en el momento que escuch\u00f3 el balazo y el veh\u00edculo nunca pudo ser identificado.<\/p>\n<p>Mientras que los efectivos de la comisar\u00eda 44ta. analizaron las c\u00e1maras de seguridad del Gobierno de la Ciudad, de las cuales s\u00f3lo funcionaba una de ocho y esa restante no capt\u00f3 el momento del disparo.<\/p>\n<\/div>\n<p class=\"newDetailTextChange\">\n","protected":false},"excerpt":{"rendered":"<p>\u00a0 La movilizaci\u00f3n comenzar\u00e1 ma\u00f1ana a las 16:30 sobre la General Paz, entre Ram\u00f3n Falc\u00f3n y avenida Rivadavia, mano a Provincia en Liniers, a la altura de las paradas de colectivos, lugar donde la v\u00edctima recibi\u00f3 el disparo. Familiares y amigos de la estudiante de gastronom\u00eda Paula D\u00edaz, asesinada de un balazo en la cabeza&hellip;<\/p>\n","protected":false},"author":1,"featured_media":0,"comment_status":"open","ping_status":"open","sticky":false,"template":"","format":"standard","meta":{"footnotes":""},"categories":[25],"tags":[4304,1878,156,22166,2881],"class_list":["post-53991","post","type-post","status-publish","format-standard","hentry","category-sociedad","tag-babasonicos","tag-liniers","tag-marcha","tag-paula-diaz","tag-testigos"],"_links":{"self":[{"href":"https:\/\/www.elsindical.com.ar\/notas\/wp-json\/wp\/v2\/posts\/53991","targetHints":{"allow":["GET"]}}],"collection":[{"href":"https:\/\/www.elsindical.com.ar\/notas\/wp-json\/wp\/v2\/posts"}],"about":[{"href":"https:\/\/www.elsindical.com.ar\/notas\/wp-json\/wp\/v2\/types\/post"}],"author":[{"embeddable":true,"href":"https:\/\/www.elsindical.com.ar\/notas\/wp-json\/wp\/v2\/users\/1"}],"replies":[{"embeddable":true,"href":"https:\/\/www.elsindical.com.ar\/notas\/wp-json\/wp\/v2\/comments?post=53991"}],"version-history":[{"count":1,"href":"https:\/\/www.elsindical.com.ar\/notas\/wp-json\/wp\/v2\/posts\/53991\/revisions"}],"predecessor-version":[{"id":53993,"href":"https:\/\/www.elsindical.com.ar\/notas\/wp-json\/wp\/v2\/posts\/53991\/revisions\/53993"}],"wp:attachment":[{"href":"https:\/\/www.elsindical.com.ar\/notas\/wp-json\/wp\/v2\/media?parent=53991"}],"wp:term":[{"taxonomy":"category","embeddable":true,"href":"https:\/\/www.elsindical.com.ar\/notas\/wp-json\/wp\/v2\/categories?post=53991"},{"taxonomy":"post_tag","embeddable":true,"href":"https:\/\/www.elsindical.com.ar\/notas\/wp-json\/wp\/v2\/tags?post=53991"}],"curies":[{"name":"wp","href":"https:\/\/api.w.org\/{rel}","templated":true}]}}