{"id":53985,"date":"2015-09-14T00:33:37","date_gmt":"2015-09-14T03:33:37","guid":{"rendered":"http:\/\/www.elsindical.com.ar\/notas\/?p=53985"},"modified":"2015-09-14T00:33:37","modified_gmt":"2015-09-14T03:33:37","slug":"mientras-siguen-los-robos-en-gerli-asi-trabaja-la-policia","status":"publish","type":"post","link":"https:\/\/www.elsindical.com.ar\/notas\/mientras-siguen-los-robos-en-gerli-asi-trabaja-la-policia\/","title":{"rendered":"Mientras siguen los robos en Gerli, as\u00ed trabaja la polic\u00eda"},"content":{"rendered":"<p><a href=\"http:\/\/www.elsindical.com.ar\/notas\/var\/www\/html\/notas\/wp-content\/uploads\/2015\/09\/robo-Sandero-en-Gerli.jpg\"><img loading=\"lazy\" decoding=\"async\" class=\"alignnone size-medium wp-image-53987\" src=\"http:\/\/www.elsindical.com.ar\/notas\/var\/www\/html\/notas\/wp-content\/uploads\/2015\/09\/robo-Sandero-en-Gerli-239x300.jpg\" alt=\"robo-Sandero-en-Gerli\" width=\"239\" height=\"300\" srcset=\"https:\/\/www.elsindical.com.ar\/notas\/var\/www\/html\/notas\/wp-content\/uploads\/2015\/09\/robo-Sandero-en-Gerli-239x300.jpg 239w, https:\/\/www.elsindical.com.ar\/notas\/var\/www\/html\/notas\/wp-content\/uploads\/2015\/09\/robo-Sandero-en-Gerli.jpg 531w\" sizes=\"auto, (max-width: 239px) 100vw, 239px\" \/><\/a>\u00a0 Mientras siguen los robos en las inmediaciones del destacamento de la polic\u00eda local ubicado en la intersecci\u00f3n de las calles Heredia y Reconquista del barrio de Gerli, la subsecretaria de seguridad del municipio que conduce M\u00f3nica Ghirelli, sigue sin darnos una respuesta respecto a varias irregularidades.<\/p>\n<p>La c\u00e1mara de seguridad del tipo domo, ubicada en la intersecci\u00f3n de las calles Tapalqu\u00e9 y Nazar, no tiene un buen funcionamiento, de hecho hace una semana asaltaron a un joven un grupo de\u00a0 6 hombres y 1 mujer, pero la c\u00e1mara al parecer no detect\u00f3 al grupo, o el operador del Centro de Monitoreo estaba durmiendo, eran las 05:45, luego de dos llamados al 911 que no respondi\u00f3 ning\u00fan m\u00f3vil policial, fui personalmente al destacamento donde estaban los 6 m\u00f3viles estacionados, es decir, varias manzanas sin patrullaje, tambi\u00e9n confirmaron que hay 2 c\u00e1maras que no funcionan.<\/p>\n<p>En las veces que he pasado por la subsecretaria, la responsable no se encontraba, siempre se toma nota del reclamo, prometen comunicarse pero esto una gran mentira.<\/p>\n<p>Ya los vecinos han comenzado a comentar que lo \u00fanico que hacen en el destacamento es tomar mate, charlar o divertirse, a cualquier hora que uno pase, siempre est\u00e1n los m\u00f3viles de la polic\u00eda local estacionados, muy rara vez los del C.P.C que son los \u00fanicos que los vecinos ven pasar patrullando.<\/p>\n<p>As\u00ed que tome nota se\u00f1or Secretario de Gobierno y seguridad Pablo Vera, la polic\u00eda local deber\u00eda estar patrullando no tomando mate, mirando televisi\u00f3n o jugando con los celulares.<\/p>\n<p>Acompa\u00f1a la nota la nueva denuncia en el portal <a href=\"https:\/\/www.facebook.com\/forovecinalavellanedasegura\/photos\/a.1438991462988600.1073741827.1438990996321980\/1716651961889214\/?type=1&amp;theater\">Avellaneda Segura <\/a>de un vecino al que le robaron su camioneta a metros del destacamento, esa noche, todos los patrulleros estaban estacionados y su personal sin patrullar.<\/p>\n<p><a href=\"http:\/\/www.elsindical.com.ar\/notas\/var\/www\/html\/notas\/wp-content\/uploads\/2015\/09\/destacamento-Gerli-tarde.jpg\"><img loading=\"lazy\" decoding=\"async\" class=\"alignnone size-medium wp-image-53989\" src=\"http:\/\/www.elsindical.com.ar\/notas\/var\/www\/html\/notas\/wp-content\/uploads\/2015\/09\/destacamento-Gerli-tarde-300x185.jpg\" alt=\"destacamento-Gerli-tarde\" width=\"300\" height=\"185\" srcset=\"https:\/\/www.elsindical.com.ar\/notas\/var\/www\/html\/notas\/wp-content\/uploads\/2015\/09\/destacamento-Gerli-tarde-300x185.jpg 300w, https:\/\/www.elsindical.com.ar\/notas\/var\/www\/html\/notas\/wp-content\/uploads\/2015\/09\/destacamento-Gerli-tarde-487x300.jpg 487w, https:\/\/www.elsindical.com.ar\/notas\/var\/www\/html\/notas\/wp-content\/uploads\/2015\/09\/destacamento-Gerli-tarde.jpg 738w\" sizes=\"auto, (max-width: 300px) 100vw, 300px\" \/><\/a> <a href=\"http:\/\/www.elsindical.com.ar\/notas\/var\/www\/html\/notas\/wp-content\/uploads\/2015\/09\/destacamento-Gerli-noche.jpg\"><img loading=\"lazy\" decoding=\"async\" class=\"alignnone size-medium wp-image-53988\" src=\"http:\/\/www.elsindical.com.ar\/notas\/var\/www\/html\/notas\/wp-content\/uploads\/2015\/09\/destacamento-Gerli-noche-300x173.jpg\" alt=\"destacamento-Gerli-noche\" width=\"300\" height=\"173\" srcset=\"https:\/\/www.elsindical.com.ar\/notas\/var\/www\/html\/notas\/wp-content\/uploads\/2015\/09\/destacamento-Gerli-noche-300x173.jpg 300w, https:\/\/www.elsindical.com.ar\/notas\/var\/www\/html\/notas\/wp-content\/uploads\/2015\/09\/destacamento-Gerli-noche-500x288.jpg 500w, https:\/\/www.elsindical.com.ar\/notas\/var\/www\/html\/notas\/wp-content\/uploads\/2015\/09\/destacamento-Gerli-noche.jpg 738w\" sizes=\"auto, (max-width: 300px) 100vw, 300px\" \/><\/a><\/p>\n","protected":false},"excerpt":{"rendered":"<p>\u00a0 Mientras siguen los robos en las inmediaciones del destacamento de la polic\u00eda local ubicado en la intersecci\u00f3n de las calles Heredia y Reconquista del barrio de Gerli, la subsecretaria de seguridad del municipio que conduce M\u00f3nica Ghirelli, sigue sin darnos una respuesta respecto a varias irregularidades. La c\u00e1mara de seguridad del tipo domo, ubicada&hellip;<\/p>\n","protected":false},"author":1,"featured_media":0,"comment_status":"open","ping_status":"open","sticky":false,"template":"","format":"standard","meta":{"footnotes":""},"categories":[10],"tags":[461,21015,1662,13467,17154,21009,1174],"class_list":["post-53985","post","type-post","status-publish","format-standard","hentry","category-editorial","tag-avellaneda","tag-c-p-c","tag-gerli","tag-pablo-vera","tag-patrullas","tag-policia-local","tag-robos"],"_links":{"self":[{"href":"https:\/\/www.elsindical.com.ar\/notas\/wp-json\/wp\/v2\/posts\/53985","targetHints":{"allow":["GET"]}}],"collection":[{"href":"https:\/\/www.elsindical.com.ar\/notas\/wp-json\/wp\/v2\/posts"}],"about":[{"href":"https:\/\/www.elsindical.com.ar\/notas\/wp-json\/wp\/v2\/types\/post"}],"author":[{"embeddable":true,"href":"https:\/\/www.elsindical.com.ar\/notas\/wp-json\/wp\/v2\/users\/1"}],"replies":[{"embeddable":true,"href":"https:\/\/www.elsindical.com.ar\/notas\/wp-json\/wp\/v2\/comments?post=53985"}],"version-history":[{"count":2,"href":"https:\/\/www.elsindical.com.ar\/notas\/wp-json\/wp\/v2\/posts\/53985\/revisions"}],"predecessor-version":[{"id":53990,"href":"https:\/\/www.elsindical.com.ar\/notas\/wp-json\/wp\/v2\/posts\/53985\/revisions\/53990"}],"wp:attachment":[{"href":"https:\/\/www.elsindical.com.ar\/notas\/wp-json\/wp\/v2\/media?parent=53985"}],"wp:term":[{"taxonomy":"category","embeddable":true,"href":"https:\/\/www.elsindical.com.ar\/notas\/wp-json\/wp\/v2\/categories?post=53985"},{"taxonomy":"post_tag","embeddable":true,"href":"https:\/\/www.elsindical.com.ar\/notas\/wp-json\/wp\/v2\/tags?post=53985"}],"curies":[{"name":"wp","href":"https:\/\/api.w.org\/{rel}","templated":true}]}}