{"id":53917,"date":"2015-09-11T08:05:07","date_gmt":"2015-09-11T11:05:07","guid":{"rendered":"http:\/\/www.elsindical.com.ar\/notas\/?p=53917"},"modified":"2015-09-11T08:05:07","modified_gmt":"2015-09-11T11:05:07","slug":"brasil-los-casos-de-corrupcion-con-lula-como-involucrado","status":"publish","type":"post","link":"https:\/\/www.elsindical.com.ar\/notas\/brasil-los-casos-de-corrupcion-con-lula-como-involucrado\/","title":{"rendered":"Brasil: los casos de corrupci\u00f3n con Lula como involucrado"},"content":{"rendered":"<p><em>\u00a0<a href=\"http:\/\/www.elsindical.com.ar\/notas\/var\/www\/html\/notas\/wp-content\/uploads\/2011\/11\/Lula-da-Silva.jpg\"><img loading=\"lazy\" decoding=\"async\" class=\"alignnone size-medium wp-image-18814\" src=\"http:\/\/www.elsindical.com.ar\/notas\/var\/www\/html\/notas\/wp-content\/uploads\/2011\/11\/Lula-da-Silva-300x193.jpg\" alt=\"Lula-da-Silva\" width=\"300\" height=\"193\" srcset=\"https:\/\/www.elsindical.com.ar\/notas\/var\/www\/html\/notas\/wp-content\/uploads\/2011\/11\/Lula-da-Silva-300x193.jpg 300w, https:\/\/www.elsindical.com.ar\/notas\/var\/www\/html\/notas\/wp-content\/uploads\/2011\/11\/Lula-da-Silva.jpg 325w\" sizes=\"auto, (max-width: 300px) 100vw, 300px\" \/><\/a> Hace casi cinco a\u00f1os que dej\u00f3 la presidencia pero a\u00fan hay procesos judiciales que salpican su gesti\u00f3n. Jos\u00e9 Dirceu, su jefe de Gabinete y hombre fuerte en su gobierno, fue condenado y detenido.\u00a0\u00a0\u00a0\u00a0\u00a0<\/em><\/p>\n<p>El ex presidente de Brasil, Lula da Silva, est\u00e1 siendo investigado penalmente por tr\u00e1fico internacional de influencia y lavado de dinero como parte del esc\u00e1ndalo de corrupci\u00f3n de Petrobras que involucra al PT, del cual es su m\u00e1ximo l\u00edder. No es esto una novedad: 10 a\u00f1os atr\u00e1s fue desenmascarado el Mensal\u00e3o, la red ilegal por la que diputados opositores recib\u00edan un \u00absueldo paralelo\u00bb para acompa\u00f1ar proyectos del Poder Ejecutivo.<\/p>\n<p>En lo que fue bautizado por la prensa brasile\u00f1a como el juicio del siglo, el Supremo Tribunal Federal (STF) juzg\u00f3 a 38 exfuncionarios, empresarios y banqueros involucrados. La red de compra de votos en el fragmentado Congreso fue orquestada por el Partido de los Trabajadores entre 2002 y 2005.<\/p>\n<p>Por el Mensal\u00e3o fueron condenados, entre otros, el jefe de gabinete y hombre fuerte del primer gobierno de Lula, Jos\u00e9 Dirceu; el ex presidente del PT, Jos\u00e9 Geno\u00edno; y el ex tesorero del partido, Delubio Soares. Poderoso y popular, Lula logr\u00f3 evitar ser juzgado. \u00abEl pedido para que el STF denuncie a Lula da Silva es jur\u00eddicamente imposible\u00bb, asegur\u00f3 el juez del caso Joaquim Barbosa.<\/p>\n<p>Todo pese a que el diputado Jefferson que desat\u00f3 el caso acus\u00f3 al ex mandatario de haber ordenado sobornar a legisladores a cambio de que respaldaran proyectos de ley en su primer mandato, y pidi\u00f3 la inclusi\u00f3n de Lula en el juicio.<\/p>\n<p>Una d\u00e9cada despu\u00e9s del esc\u00e1ndalo que moviliz\u00f3 a la pol\u00edtica brasile\u00f1a, Lula vuelve a ser investigado por corrupci\u00f3n. Sus apariciones en la escena p\u00fablica parecen despegadas de los casos por los que se lo acusa. Pese a que el Mensal\u00e3o ya se conoc\u00eda, el entonces mandatario logr\u00f3 ser reelecto para su segundo mandato entre 2006 y 2010. Y ahora que la Fiscal\u00eda lo investiga, anunci\u00f3 su vuelta a la primera plana de la pol\u00edtica del pa\u00eds.<\/p>\n<p>El esc\u00e1ndalo de Petrobras lo involucra personalmente por haber presuntamente interferido para facilitar el acceso a los cr\u00e9ditos, algo catalogado como tr\u00e1fico de influencias en Brasil e internacional.<\/p>\n<p>Acostumbrado a aparecer en las tapas de los diarios cuando la corrupci\u00f3n salta a la luz, el hombre fuerte del primer gobierno de Lula, Jos\u00e9 Dirceu, volvi\u00f3 a estar involucrado y fue arrestado en un operativo relacionado con el creciente esc\u00e1ndalo de sobornos en la petrolera estatal Petrobras.<\/p>\n<p>Poderosos empresarios fueron detenidos por el caso. Quiz\u00e1 el m\u00e1s importante sea el de Marcelo Odebrecht, presidente de la constructora Odebrecht, la m\u00e1s grande de Brasil y una de las mayores del mundo entero.<\/p>\n<p>El mayor caso de corrupci\u00f3n en la historia del gigante sudamericano \u2013que ya supera al Mensal\u00e3o- motiv\u00f3 numerosas causas y la apertura de investigaciones a 13 senadores, 22 diputados y dos gobernadores en funciones, sospechosos de haber participado en la trama de pago de sobornos a cambio de contratos en la estatal. Entre los acusados de corrupci\u00f3n y lavado de dinero est\u00e1 el ahora ex tesorero del gubernamental PT Joao Vaccari, arrestado desde abril.<\/p>\n","protected":false},"excerpt":{"rendered":"<p>\u00a0 Hace casi cinco a\u00f1os que dej\u00f3 la presidencia pero a\u00fan hay procesos judiciales que salpican su gesti\u00f3n. Jos\u00e9 Dirceu, su jefe de Gabinete y hombre fuerte en su gobierno, fue condenado y detenido.\u00a0\u00a0\u00a0\u00a0\u00a0 El ex presidente de Brasil, Lula da Silva, est\u00e1 siendo investigado penalmente por tr\u00e1fico internacional de influencia y lavado de dinero&hellip;<\/p>\n","protected":false},"author":1,"featured_media":0,"comment_status":"open","ping_status":"open","sticky":false,"template":"","format":"standard","meta":{"footnotes":""},"categories":[18],"tags":[95,1451,22156,22157],"class_list":["post-53917","post","type-post","status-publish","format-standard","hentry","category-internacionales","tag-brasil","tag-corrupcion","tag-lula-da-silva","tag-stf"],"_links":{"self":[{"href":"https:\/\/www.elsindical.com.ar\/notas\/wp-json\/wp\/v2\/posts\/53917","targetHints":{"allow":["GET"]}}],"collection":[{"href":"https:\/\/www.elsindical.com.ar\/notas\/wp-json\/wp\/v2\/posts"}],"about":[{"href":"https:\/\/www.elsindical.com.ar\/notas\/wp-json\/wp\/v2\/types\/post"}],"author":[{"embeddable":true,"href":"https:\/\/www.elsindical.com.ar\/notas\/wp-json\/wp\/v2\/users\/1"}],"replies":[{"embeddable":true,"href":"https:\/\/www.elsindical.com.ar\/notas\/wp-json\/wp\/v2\/comments?post=53917"}],"version-history":[{"count":1,"href":"https:\/\/www.elsindical.com.ar\/notas\/wp-json\/wp\/v2\/posts\/53917\/revisions"}],"predecessor-version":[{"id":53918,"href":"https:\/\/www.elsindical.com.ar\/notas\/wp-json\/wp\/v2\/posts\/53917\/revisions\/53918"}],"wp:attachment":[{"href":"https:\/\/www.elsindical.com.ar\/notas\/wp-json\/wp\/v2\/media?parent=53917"}],"wp:term":[{"taxonomy":"category","embeddable":true,"href":"https:\/\/www.elsindical.com.ar\/notas\/wp-json\/wp\/v2\/categories?post=53917"},{"taxonomy":"post_tag","embeddable":true,"href":"https:\/\/www.elsindical.com.ar\/notas\/wp-json\/wp\/v2\/tags?post=53917"}],"curies":[{"name":"wp","href":"https:\/\/api.w.org\/{rel}","templated":true}]}}