{"id":53868,"date":"2015-09-09T00:13:46","date_gmt":"2015-09-09T03:13:46","guid":{"rendered":"http:\/\/www.elsindical.com.ar\/notas\/?p=53868"},"modified":"2015-09-09T00:13:46","modified_gmt":"2015-09-09T03:13:46","slug":"efemerides-del-dia-9-de-septiembre","status":"publish","type":"post","link":"https:\/\/www.elsindical.com.ar\/notas\/efemerides-del-dia-9-de-septiembre\/","title":{"rendered":"EFEM\u00c9RIDES: DEL D\u00cdA 9 DE SEPTIEMBRE"},"content":{"rendered":"<p><span style=\"font-size: small;\">D\u00eda de San Pedro Claver.<\/span><\/p>\n<p>1087 \u2013 muere el rey Guillermo \u201cel Conquistador\u201d.<\/p>\n<p>1541 \u2013 la viuda del conquistador Pedro de Alvarado jura su cargo como gobernadora de Guatemala y muere al d\u00eda siguiente en el derrumbe de la capilla, donde rezaba.<\/p>\n<p>1585 \u2013 nace Armand Jean du Plessis, Cardenal Richelieu.<\/p>\n<p>1737 \u2013 nace Lugi Galvani, f\u00edsico italiano.<\/p>\n<p>1776 \u2013 el Congreso Continental autoriza el nombre \u201cUnited States of America\u201d.<\/p>\n<p>1807 \u2013 las fuerzas inglesas del Gral. Whitelocke abandonan Montevideo.<\/p>\n<p>1828 \u2013 nace Le\u00f3n Tolstoi, escritor ruso.<\/p>\n<p>1850 \u2013 California entra a formar parte del territorio de los Estados Unidos.<\/p>\n<p>1886 \u2013 se firma la Convenci\u00f3n de Berna sobre propiedad art\u00edstica y literaria.<\/p>\n<p>1888 \u2013 la armada de Chile toma el control de la Isla de Pascua.<\/p>\n<p>1893 \u2013 se funda el VfB Stuttgart, de Alemania.<\/p>\n<p>1901 \u2013 muere Henri Marie Raymond de Toulouse-Lautrec, pintor franc\u00e9s.<\/p>\n<p>1909 \u2013 se funda la Real Sociedad de F\u00fatbol, de San Sebasti\u00e1n, Espa\u00f1a.<\/p>\n<p>1926 \u2013 la Radio Corporation of America crea la NBC.<\/p>\n<p>1932 \u2013 Guerra del Chaco<\/p>\n<p>1941 \u2013 nace Otis Redding, m\u00fasico.<\/p>\n<p>1942 \u2013 un avi\u00f3n japon\u00e9s bombardea Brookings (Oregon). Es el \u00fanico ataque a\u00e9reo durante la II Guerra Mundial al territorio continental estadounidense.<\/p>\n<p>1944 \u2013 los comunistas, con el apoyo del ejercito sovi\u00e9tico, dan un golpe de Estado e implantan la dictadura en Bulgaria.<\/p>\n<p>1948 \u2013 Independencia de Corea del Norte.<\/p>\n<p>1951 \u2013 el Ejercito Popular de Liberaci\u00f3n Chino ocupan Lhasa, capital del T\u00edbet.<\/p>\n<p>1951 \u2013 nace el actor estadounidense Michael Keaton.<\/p>\n<p>1960 \u2013 nace el actor brit\u00e1nico Hugh Grant.<\/p>\n<p>1981 \u2013 muere Jacques Lacan, psicoanalista franc\u00e9s.<\/p>\n<p>1981 \u2013 muere Ricardo Balb\u00edn, prestigioso pol\u00edtico radical.<\/p>\n<p>1991 \u2013 Tayikist\u00e1n se convierte en la und\u00e9cima rep\u00fablica sovi\u00e9tica que declara su independencia.<\/p>\n<p>1994 \u2013 el escritor espa\u00f1ol Camilo Jos\u00e9 de Cela es condecorado por la Unesco con a Medalla de Oro Picasso.<\/p>\n<p>1995 \u2013 300.000 j\u00f3venes de 36 pa\u00edses asisten al encuentro del Papa Juan Pablo II con la juventud, en el santuario italiano de Loreto.<\/p>\n<p>1996 \u2013 Croacia y Yugoslavia establecen relaciones diplom\u00e1ticas completas tras cinco a\u00f1os de guerra.<\/p>\n<p>2002 \u2013 La cadena de televisi\u00f3n Al Jazeera difunde un v\u00eddeo en el que Osama Bin Laden asume los atentados del 11 de septiembre de 2001.<\/p>\n<p>2003 \u2013 Muere la cineasta alemana Leni Riefenstahl.<\/p>\n","protected":false},"excerpt":{"rendered":"<p>D\u00eda de San Pedro Claver. 1087 \u2013 muere el rey Guillermo \u201cel Conquistador\u201d. 1541 \u2013 la viuda del conquistador Pedro de Alvarado jura su cargo como gobernadora de Guatemala y muere al d\u00eda siguiente en el derrumbe de la capilla, donde rezaba. 1585 \u2013 nace Armand Jean du Plessis, Cardenal Richelieu. 1737 \u2013 nace Lugi&hellip;<\/p>\n","protected":false},"author":1,"featured_media":0,"comment_status":"open","ping_status":"open","sticky":false,"template":"","format":"standard","meta":{"footnotes":""},"categories":[14],"tags":[],"class_list":["post-53868","post","type-post","status-publish","format-standard","hentry","category-efemerides"],"_links":{"self":[{"href":"https:\/\/www.elsindical.com.ar\/notas\/wp-json\/wp\/v2\/posts\/53868","targetHints":{"allow":["GET"]}}],"collection":[{"href":"https:\/\/www.elsindical.com.ar\/notas\/wp-json\/wp\/v2\/posts"}],"about":[{"href":"https:\/\/www.elsindical.com.ar\/notas\/wp-json\/wp\/v2\/types\/post"}],"author":[{"embeddable":true,"href":"https:\/\/www.elsindical.com.ar\/notas\/wp-json\/wp\/v2\/users\/1"}],"replies":[{"embeddable":true,"href":"https:\/\/www.elsindical.com.ar\/notas\/wp-json\/wp\/v2\/comments?post=53868"}],"version-history":[{"count":1,"href":"https:\/\/www.elsindical.com.ar\/notas\/wp-json\/wp\/v2\/posts\/53868\/revisions"}],"predecessor-version":[{"id":53869,"href":"https:\/\/www.elsindical.com.ar\/notas\/wp-json\/wp\/v2\/posts\/53868\/revisions\/53869"}],"wp:attachment":[{"href":"https:\/\/www.elsindical.com.ar\/notas\/wp-json\/wp\/v2\/media?parent=53868"}],"wp:term":[{"taxonomy":"category","embeddable":true,"href":"https:\/\/www.elsindical.com.ar\/notas\/wp-json\/wp\/v2\/categories?post=53868"},{"taxonomy":"post_tag","embeddable":true,"href":"https:\/\/www.elsindical.com.ar\/notas\/wp-json\/wp\/v2\/tags?post=53868"}],"curies":[{"name":"wp","href":"https:\/\/api.w.org\/{rel}","templated":true}]}}