{"id":53861,"date":"2015-09-08T23:19:31","date_gmt":"2015-09-09T02:19:31","guid":{"rendered":"http:\/\/www.elsindical.com.ar\/notas\/?p=53861"},"modified":"2015-09-10T21:07:23","modified_gmt":"2015-09-11T00:07:23","slug":"se-termino-la-mentira-el-municipio-continuara-con-las-obras-en-el-parque-dominico","status":"publish","type":"post","link":"https:\/\/www.elsindical.com.ar\/notas\/se-termino-la-mentira-el-municipio-continuara-con-las-obras-en-el-parque-dominico\/","title":{"rendered":"Se termin\u00f3 la mentira, el municipio continuar\u00e1 con las obras en el Parque Dom\u00ednico"},"content":{"rendered":"<p><a href=\"http:\/\/www.elsindical.com.ar\/notas\/var\/www\/html\/notas\/wp-content\/uploads\/2015\/09\/obras-Parque-Dom\u00ednico.jpg\"><img loading=\"lazy\" decoding=\"async\" class=\"alignnone size-medium wp-image-53865\" src=\"http:\/\/www.elsindical.com.ar\/notas\/var\/www\/html\/notas\/wp-content\/uploads\/2015\/09\/obras-Parque-Dom\u00ednico-300x184.jpg\" alt=\"obras-Parque-Dom\u00ednico\" width=\"300\" height=\"184\" srcset=\"https:\/\/www.elsindical.com.ar\/notas\/var\/www\/html\/notas\/wp-content\/uploads\/2015\/09\/obras-Parque-Dom\u00ednico-300x184.jpg 300w, https:\/\/www.elsindical.com.ar\/notas\/var\/www\/html\/notas\/wp-content\/uploads\/2015\/09\/obras-Parque-Dom\u00ednico-488x300.jpg 488w, https:\/\/www.elsindical.com.ar\/notas\/var\/www\/html\/notas\/wp-content\/uploads\/2015\/09\/obras-Parque-Dom\u00ednico.jpg 620w\" sizes=\"auto, (max-width: 300px) 100vw, 300px\" \/><\/a>Desde El Sindical, fuimos los \u00fanicos en advertir a los lectores sobre el gran fraude que se estaba promoviendo respecto a las medidas contra las obras en el Parque Dom\u00ednico, personajes oportunistas como el impresentable de Sebasti\u00e1n Vinagre quien no duda en aprovechar cualquier cosa para promocionarse y de paso tapar sus andanzas criminales por Avellaneda.<\/p>\n<p>Pero Vinagre no es el \u00fanico mentiroso en esta historia, con la representaci\u00f3n legal de la abogada Silvia Mozeris, familiar de otro impresentable de la pol\u00edtica local que salta de un partido al otro buscando un espacio, motorizada una supuesta medida cautelar ineficiente en este tipo de cuestiones, llev\u00f3 consigo la chapa de representar a la Asociaci\u00f3n Civil Ambiente Sur, como si esto fuera una garant\u00eda, al parecer, la realidad nos dio la raz\u00f3n.<\/p>\n<p>Este jueves 10 de septiembre, el HCD de Avellaneda, votar\u00e1 la aprobaci\u00f3n de las obras en el Parque Dom\u00ednico y con la mayor\u00eda en el HCD, la medida judicial cautelar se vuelve en abstracto.<\/p>\n<p>No hay dudas respecto a que el municipio inici\u00f3 las obras sin cumplir con la ordenanza vigente, pero ese \u00aberror\u00bb se subsana con la aprobaci\u00f3n del HCD.<\/p>\n<p>Jugar con las esperanzas de la gente es algo que personalmente repudio en quien lo haga, Gladys Gonz\u00e1lez no pod\u00eda ignorar quien es Sebasti\u00e1n Vinagre, como los vecinos no pueden alegar creer en alguien que arrastra denuncias y esc\u00e1ndalos, resulta casi inexplicable que la gente siga a personajes que prometen mentiras.<\/p>\n<p><strong>COMISI\u00d3N DE OBRAS Y SERVICIOS P\u00daBLICOS, TRANSPORTES Y COMUNICACIONES<\/strong><\/p>\n<p>&#8211; Gonz\u00e1lez Santalla, Emmanuel (Presidente)<br \/>\n&#8211; Gamarra, Jorge (Vicepresidente)<br \/>\n&#8211; Villagra, H\u00e9ctor<br \/>\n&#8211; Ju\u00e1rez, Ver\u00f3nica<br \/>\n&#8211; Perini, Tamara<br \/>\n&#8211; Lata, Maia<br \/>\n&#8211; Alice, Sandra<br \/>\n&#8211; Grai\u00f1o, Miriam<br \/>\n&#8211; Leiva, Ram\u00f3n.<\/p>\n<p>Estos son los integrantes de la comisi\u00f3n, comisi\u00f3n que aprob\u00f3 por mayor\u00eda las obras, los vecinos deber\u00edan tomar nota de los concejales que as\u00ed lo han hecho, ya que son estos los que permiten con sus votos que el municipio tenga la legalidad y legitimidad necesaria, el resto, juntar firmas, hacer marchas, de poco sirven.<\/p>\n<p>La Secretar\u00eda de Legal y T\u00e9cnica, recibieron de parte de la Secretar\u00eda de Obras y Servicios P\u00fablicos, para emitir un dictamen consultivo respecto del Expediente N\u00ba 2-26.689\/15, con fecha 03 de septiembre del 2015, el se decidi\u00f3 girar el dictamen favorable a las obras, a la Secretar\u00eda Privada del intendente para conocimiento del intendente y su posterior tratamiento por parte del Honorable Concejo Deliberante conforme a lo dispuesto por el Art\u00edculo N\u00ba 9 de la Ordenanza N\u00ba 8998, recomendando su aprobaci\u00f3n.<\/p>\n<p>Id\u00e9ntico temperamento y fundamentos se dieron por parte de la Secretar\u00eda de Legal y T\u00e9cnica en el Expediente N\u00ba 2-26.687\/15, con remisi\u00f3n al ejecutivo con misma fecha y el mismo d\u00eda 3 de septiembre el ejecutivo con las firmas del Secretario de Obras y Servicios P\u00fablicos el Ing. Ariel Lambezat y el Intendente Ing. Jorge H. Ferraresi se env\u00edo el proyecto al HCD para su aprobaci\u00f3n.<\/p>\n<p><strong>Costos<\/strong><\/p>\n<p>Instituto Superior de Formaci\u00f3n Docente\u00a0 N\u00ba 101<strong> $ 24.611.856,16.-<\/strong><\/p>\n<p>Pileta Ol\u00edmpica y Obras complementarias<strong> $ 8.000.000.,00.-<\/strong><\/p>\n<p>Edificio de Alto Rendimiento Deportivo &#8211; ENAR. <strong>$ 6.500.000,00.-<\/strong><\/p>\n<p>Gracias a todos los funcionarios que han colaborado en el presente informe, que demuestra que muchas veces hay oportunistas que no buscan el bien com\u00fan, sino forzar NEGOCIOS o \u00abarreglos pol\u00edticos\u00bb.<\/p>\n<p><a href=\"http:\/\/www.elsindical.com.ar\/notas\/var\/www\/html\/notas\/wp-content\/uploads\/2015\/09\/Firma-proyecto-Parque-Dom\u00ednico.jpg\"><img loading=\"lazy\" decoding=\"async\" class=\"alignnone size-medium wp-image-53864\" src=\"http:\/\/www.elsindical.com.ar\/notas\/var\/www\/html\/notas\/wp-content\/uploads\/2015\/09\/Firma-proyecto-Parque-Dom\u00ednico-300x238.jpg\" alt=\"Firma-proyecto-Parque-Dom\u00ednico\" width=\"300\" height=\"238\" srcset=\"https:\/\/www.elsindical.com.ar\/notas\/var\/www\/html\/notas\/wp-content\/uploads\/2015\/09\/Firma-proyecto-Parque-Dom\u00ednico-300x238.jpg 300w, https:\/\/www.elsindical.com.ar\/notas\/var\/www\/html\/notas\/wp-content\/uploads\/2015\/09\/Firma-proyecto-Parque-Dom\u00ednico-378x300.jpg 378w, https:\/\/www.elsindical.com.ar\/notas\/var\/www\/html\/notas\/wp-content\/uploads\/2015\/09\/Firma-proyecto-Parque-Dom\u00ednico.jpg 620w\" sizes=\"auto, (max-width: 300px) 100vw, 300px\" \/><\/a><\/p>\n<p><em><strong>Por Marcelo Ricardo Hawrylciw<\/strong><\/em><\/p>\n<p>&nbsp;<\/p>\n","protected":false},"excerpt":{"rendered":"<p>Desde El Sindical, fuimos los \u00fanicos en advertir a los lectores sobre el gran fraude que se estaba promoviendo respecto a las medidas contra las obras en el Parque Dom\u00ednico, personajes oportunistas como el impresentable de Sebasti\u00e1n Vinagre quien no duda en aprovechar cualquier cosa para promocionarse y de paso tapar sus andanzas criminales por&hellip;<\/p>\n","protected":false},"author":1,"featured_media":0,"comment_status":"open","ping_status":"open","sticky":false,"template":"","format":"standard","meta":{"footnotes":""},"categories":[10],"tags":[20832,461,16587,1062,15723,986],"class_list":["post-53861","post","type-post","status-publish","format-standard","hentry","category-editorial","tag-ariel-lambezat","tag-avellaneda","tag-hcd","tag-jorge-ferraresi","tag-parque-dominico","tag-vecinos"],"_links":{"self":[{"href":"https:\/\/www.elsindical.com.ar\/notas\/wp-json\/wp\/v2\/posts\/53861","targetHints":{"allow":["GET"]}}],"collection":[{"href":"https:\/\/www.elsindical.com.ar\/notas\/wp-json\/wp\/v2\/posts"}],"about":[{"href":"https:\/\/www.elsindical.com.ar\/notas\/wp-json\/wp\/v2\/types\/post"}],"author":[{"embeddable":true,"href":"https:\/\/www.elsindical.com.ar\/notas\/wp-json\/wp\/v2\/users\/1"}],"replies":[{"embeddable":true,"href":"https:\/\/www.elsindical.com.ar\/notas\/wp-json\/wp\/v2\/comments?post=53861"}],"version-history":[{"count":4,"href":"https:\/\/www.elsindical.com.ar\/notas\/wp-json\/wp\/v2\/posts\/53861\/revisions"}],"predecessor-version":[{"id":53867,"href":"https:\/\/www.elsindical.com.ar\/notas\/wp-json\/wp\/v2\/posts\/53861\/revisions\/53867"}],"wp:attachment":[{"href":"https:\/\/www.elsindical.com.ar\/notas\/wp-json\/wp\/v2\/media?parent=53861"}],"wp:term":[{"taxonomy":"category","embeddable":true,"href":"https:\/\/www.elsindical.com.ar\/notas\/wp-json\/wp\/v2\/categories?post=53861"},{"taxonomy":"post_tag","embeddable":true,"href":"https:\/\/www.elsindical.com.ar\/notas\/wp-json\/wp\/v2\/tags?post=53861"}],"curies":[{"name":"wp","href":"https:\/\/api.w.org\/{rel}","templated":true}]}}