{"id":53848,"date":"2015-09-08T09:54:17","date_gmt":"2015-09-08T12:54:17","guid":{"rendered":"http:\/\/www.elsindical.com.ar\/notas\/?p=53848"},"modified":"2015-09-08T09:54:17","modified_gmt":"2015-09-08T12:54:17","slug":"lomas-de-zamora-detienen-a-peligroso-homicida-profugo","status":"publish","type":"post","link":"https:\/\/www.elsindical.com.ar\/notas\/lomas-de-zamora-detienen-a-peligroso-homicida-profugo\/","title":{"rendered":"Lomas de Zamora: Detienen a peligroso homicida pr\u00f3fugo"},"content":{"rendered":"<div class=\"_5wd4 _1nc7 direction_ltr _5yt9\" data-reactid=\".n0.1:$mid=11441497147200=209dcc05f192b39b956\">\n<div class=\"_5wd9\" data-reactid=\".n0.1:$mid=11441497147200=209dcc05f192b39b956.2:0\">\n<div class=\"_5wde\" data-reactid=\".n0.1:$mid=11441497147200=209dcc05f192b39b956.2:0.0\">\n<div class=\"_5w1r _5wdf _3okg\" data-reactid=\".n0.1:$mid=11441497147200=209dcc05f192b39b956.2:0.0.0\">\n<div class=\"_d97\" data-reactid=\".n0.1:$mid=11441497147200=209dcc05f192b39b956.2:0.0.0.0\"><span class=\"_5yl5\" data-reactid=\".n0.1:$mid=11441715806383=2aa01abf58b04dfff09.2:0.0.0.0.0\"><span data-reactid=\".n0.1:$mid=11441715806383=2aa01abf58b04dfff09.2:0.0.0.0.0.0\">\u00a0 <a href=\"http:\/\/www.elsindical.com.ar\/notas\/var\/www\/html\/notas\/wp-content\/uploads\/2015\/03\/DDI-Lomas-de-Zamora.jpg\"><img loading=\"lazy\" decoding=\"async\" class=\"alignnone size-medium wp-image-50130\" src=\"http:\/\/www.elsindical.com.ar\/notas\/var\/www\/html\/notas\/wp-content\/uploads\/2015\/03\/DDI-Lomas-de-Zamora-300x225.jpg\" alt=\"DDI-Lomas-de-Zamora\" width=\"300\" height=\"225\" srcset=\"https:\/\/www.elsindical.com.ar\/notas\/var\/www\/html\/notas\/wp-content\/uploads\/2015\/03\/DDI-Lomas-de-Zamora-300x225.jpg 300w, https:\/\/www.elsindical.com.ar\/notas\/var\/www\/html\/notas\/wp-content\/uploads\/2015\/03\/DDI-Lomas-de-Zamora-399x300.jpg 399w, https:\/\/www.elsindical.com.ar\/notas\/var\/www\/html\/notas\/wp-content\/uploads\/2015\/03\/DDI-Lomas-de-Zamora.jpg 531w\" sizes=\"auto, (max-width: 300px) 100vw, 300px\" \/><\/a>Personal de la C.D.I. lomas de Zamora (gabinete de homicidios) A cargo del\u00a0Oficial Principal Fabi\u00e1n Moreno y personal a sus \u00f3rdenes procedieron a llevar a cabo orden de detenci\u00f3n en el marco de una investigaci\u00f3n ordenada por la U.F.I. N\u00ba 15 Juzgado de Garant\u00edas Nro.6.del Departamento de Lomas de Zamora se efectu\u00f3 la detenci\u00f3n de un peligroso delincuente, apodado \u201cBicho\u201d de nombre Juan Bernab\u00e9 G. por el delito de \u201cHomicidio agravado\u201d, v\u00edctima Walter Javier Colin, en circunstancia que la v\u00edctima se dirig\u00eda a su trabajo, vecinos cercanos se disputaban viejas rivalidades territoriales entre bandas se amenazaban hasta llegar a tomar las armas y tras producirse un infernal tiroteo, cae mortalmente herido la v\u00edctima que se encontraba en compa\u00f1\u00eda de su esposa e hija de tan solo cuatro a\u00f1itos quien suplicaba a su padre que se levantara, desconociendo que ya se encontraba fallecido, y tras tomar declaraciones a testigos en el lugar de los hechos se pudo determinar que el autor material del homicidio habr\u00eda sido este sujeto apodado \u00abBicho\u00bb que despu\u00e9s de los episodios se pr\u00f3fugo hacia la Pcia. de Entre R\u00edos, y luego de una paciente investigaci\u00f3n se pudo determinar que este sujeto habr\u00eda vuelto nuevamente y luego de casi tres a\u00f1os en la clandestinidad, en el d\u00eda de ayer se llevo a cabo la detenci\u00f3n en la localidad de Ing. Budge partido de Lomas de Zamora.<\/span><\/span><\/div>\n<div class=\"_d97\" data-reactid=\".n0.1:$mid=11441497147200=209dcc05f192b39b956.2:0.0.0.0\"><a href=\"http:\/\/www.elsindical.com.ar\/notas\/var\/www\/html\/notas\/wp-content\/uploads\/2015\/09\/el-bicho-preso.jpg\"><img loading=\"lazy\" decoding=\"async\" class=\"alignnone size-medium wp-image-53850\" src=\"http:\/\/www.elsindical.com.ar\/notas\/var\/www\/html\/notas\/wp-content\/uploads\/2015\/09\/el-bicho-preso-249x300.jpg\" alt=\"el-bicho-preso\" width=\"249\" height=\"300\" srcset=\"https:\/\/www.elsindical.com.ar\/notas\/var\/www\/html\/notas\/wp-content\/uploads\/2015\/09\/el-bicho-preso-249x300.jpg 249w, https:\/\/www.elsindical.com.ar\/notas\/var\/www\/html\/notas\/wp-content\/uploads\/2015\/09\/el-bicho-preso.jpg 738w\" sizes=\"auto, (max-width: 249px) 100vw, 249px\" \/><\/a><\/div>\n<\/div>\n<div class=\"_d97\" data-reactid=\".n0.1:$mid=11441497147200=209dcc05f192b39b956.2:0.0.0.0\"><\/div>\n<div class=\"_d97\" data-reactid=\".n0.1:$mid=11441497147200=209dcc05f192b39b956.2:0.0.0.0\"><\/div>\n<\/div>\n<\/div>\n<div class=\"_d97\" data-reactid=\".n0.1:$mid=11441497147200=209dcc05f192b39b956.2:0.0.0.0\"><\/div>\n<\/div>\n","protected":false},"excerpt":{"rendered":"<p>\u00a0 Personal de la C.D.I. lomas de Zamora (gabinete de homicidios) A cargo del\u00a0Oficial Principal Fabi\u00e1n Moreno y personal a sus \u00f3rdenes procedieron a llevar a cabo orden de detenci\u00f3n en el marco de una investigaci\u00f3n ordenada por la U.F.I. N\u00ba 15 Juzgado de Garant\u00edas Nro.6.del Departamento de Lomas de Zamora se efectu\u00f3 la detenci\u00f3n&hellip;<\/p>\n","protected":false},"author":1,"featured_media":0,"comment_status":"open","ping_status":"open","sticky":false,"template":"","format":"standard","meta":{"footnotes":""},"categories":[22],"tags":[22035,21285,91,2329,746,30,658],"class_list":["post-53848","post","type-post","status-publish","format-standard","hentry","category-policiales","tag-cdi","tag-cdi-lomas-de-zamora","tag-detenido","tag-homicidio","tag-ingeniero-budge","tag-policia","tag-profugo"],"_links":{"self":[{"href":"https:\/\/www.elsindical.com.ar\/notas\/wp-json\/wp\/v2\/posts\/53848","targetHints":{"allow":["GET"]}}],"collection":[{"href":"https:\/\/www.elsindical.com.ar\/notas\/wp-json\/wp\/v2\/posts"}],"about":[{"href":"https:\/\/www.elsindical.com.ar\/notas\/wp-json\/wp\/v2\/types\/post"}],"author":[{"embeddable":true,"href":"https:\/\/www.elsindical.com.ar\/notas\/wp-json\/wp\/v2\/users\/1"}],"replies":[{"embeddable":true,"href":"https:\/\/www.elsindical.com.ar\/notas\/wp-json\/wp\/v2\/comments?post=53848"}],"version-history":[{"count":2,"href":"https:\/\/www.elsindical.com.ar\/notas\/wp-json\/wp\/v2\/posts\/53848\/revisions"}],"predecessor-version":[{"id":53851,"href":"https:\/\/www.elsindical.com.ar\/notas\/wp-json\/wp\/v2\/posts\/53848\/revisions\/53851"}],"wp:attachment":[{"href":"https:\/\/www.elsindical.com.ar\/notas\/wp-json\/wp\/v2\/media?parent=53848"}],"wp:term":[{"taxonomy":"category","embeddable":true,"href":"https:\/\/www.elsindical.com.ar\/notas\/wp-json\/wp\/v2\/categories?post=53848"},{"taxonomy":"post_tag","embeddable":true,"href":"https:\/\/www.elsindical.com.ar\/notas\/wp-json\/wp\/v2\/tags?post=53848"}],"curies":[{"name":"wp","href":"https:\/\/api.w.org\/{rel}","templated":true}]}}