{"id":53840,"date":"2015-09-07T21:01:08","date_gmt":"2015-09-08T00:01:08","guid":{"rendered":"http:\/\/www.elsindical.com.ar\/notas\/?p=53840"},"modified":"2015-09-07T21:01:08","modified_gmt":"2015-09-08T00:01:08","slug":"ciudadela-recuperaron-las-computadoras-de-la-hija-de-macri","status":"publish","type":"post","link":"https:\/\/www.elsindical.com.ar\/notas\/ciudadela-recuperaron-las-computadoras-de-la-hija-de-macri\/","title":{"rendered":"Ciudadela: Recuperaron las computadoras de la hija de Macri"},"content":{"rendered":"<p class=\"mh-teaser-text\"><em><a href=\"http:\/\/www.elsindical.com.ar\/notas\/var\/www\/html\/notas\/wp-content\/uploads\/2015\/09\/Gimena-Macri.jpg\"><img loading=\"lazy\" decoding=\"async\" class=\"alignnone size-medium wp-image-53841\" src=\"http:\/\/www.elsindical.com.ar\/notas\/var\/www\/html\/notas\/wp-content\/uploads\/2015\/09\/Gimena-Macri-300x186.jpg\" alt=\"Gimena-Macri\" width=\"300\" height=\"186\" srcset=\"https:\/\/www.elsindical.com.ar\/notas\/var\/www\/html\/notas\/wp-content\/uploads\/2015\/09\/Gimena-Macri-300x186.jpg 300w, https:\/\/www.elsindical.com.ar\/notas\/var\/www\/html\/notas\/wp-content\/uploads\/2015\/09\/Gimena-Macri.jpg 443w\" sizes=\"auto, (max-width: 300px) 100vw, 300px\" \/><\/a>\u00a0 Fue luego de un allanamiento realizado en Ciudadela en conjunto entre la Metropolitana, La Federal y la Polic\u00eda de la Provincia de Buenos Aires. Le hab\u00edan robado dos computadoras, pero la jueza pidi\u00f3 que no se detenga a nadie.<\/em><\/p>\n<p>La Polic\u00eda Metropolitana y el Grupo Halc\u00f3n de la Bonaerense secuestraron ayer en un allanamiento las dos computadoras personales que le hab\u00edan robado el jueves en su domicilio a Gimena Macri, la hija del jefe de Gobierno.<\/p>\n<div>Las dos computadoras, de la marca Apple, fueron encontradas en una vivienda ubicada en Dardo Rocha 1950, a solo dos cuadras de Fuerte Apache. El procedimiento hab\u00eda sido ordenado por la fiscal\u00eda correccional 3, a cargo de Guillermo Chiccetti. Seg\u00fan pudo saber Clar\u00edn, se lleg\u00f3 a ese lugar luego de tareas inform\u00e1ticas realizadas por expertos de la Metropolitana, porque las m\u00e1quinas no ten\u00edan activado al rastreador.<\/div>\n<div><\/div>\n<div>el viernes a \u00faltima hora la jueza Graciela Angulo de Quinn, a cargo de la investigaci\u00f3n por el extra\u00f1o robo que sufri\u00f3 la segunda hija de Mauricio Macri, le dio directivas a un grupo de polic\u00edas para que allanaran un domicilio pero llamativamente les pidi\u00f3 que \u201cno llevaran a cabo su detenci\u00f3n\u201d.<\/div>\n<div><\/div>\n<div>En la investigaci\u00f3n por el supuesto robo que sufri\u00f3 Gimena Macri (29), participan efectivos de tres fuerzas de seguridad: Federal, Bonaerense y Metropolitana. Anoche, la jueza correccional Angulo de Quinn orden\u00f3 allanar un domicilio de la calle Rocha, en la localidad bonaerense de Ciudadela, partido de Tres de Febrero.<\/div>\n<div><\/div>\n<div>Fuentes del caso dijeron a <b>Online-911 <\/b>que el operativo fue ordenado a partir del rastreo de una de las computadoras que le robaron a la joven artista que vive en el barrio porte\u00f1o de Palermo.<\/div>\n<div><\/div>\n<div>En el exhorto que firm\u00f3 Angulo de Quinn dice expresamente: \u201cDeber\u00e1n identificar a los ocupantes de la vivienda y notificarlos del inicio de la presente causa, de sus derechos y garant\u00edas, sin llevar a cabo su detenci\u00f3n\u201d. Curioso.<\/div>\n<div><\/div>\n<div><\/div>\n<div><strong>Fuente: Online-911<\/strong><\/div>\n","protected":false},"excerpt":{"rendered":"<p>\u00a0 Fue luego de un allanamiento realizado en Ciudadela en conjunto entre la Metropolitana, La Federal y la Polic\u00eda de la Provincia de Buenos Aires. Le hab\u00edan robado dos computadoras, pero la jueza pidi\u00f3 que no se detenga a nadie. La Polic\u00eda Metropolitana y el Grupo Halc\u00f3n de la Bonaerense secuestraron ayer en un allanamiento&hellip;<\/p>\n","protected":false},"author":1,"featured_media":0,"comment_status":"open","ping_status":"open","sticky":false,"template":"","format":"standard","meta":{"footnotes":""},"categories":[22],"tags":[819,2816,22142,22140,22141,116],"class_list":["post-53840","post","type-post","status-publish","format-standard","hentry","category-policiales","tag-ciudadela","tag-computadoras","tag-fiscal-guillermo-chiccetti","tag-gimena-macri","tag-jueza-graciela-angulo-de-quinn","tag-robo"],"_links":{"self":[{"href":"https:\/\/www.elsindical.com.ar\/notas\/wp-json\/wp\/v2\/posts\/53840","targetHints":{"allow":["GET"]}}],"collection":[{"href":"https:\/\/www.elsindical.com.ar\/notas\/wp-json\/wp\/v2\/posts"}],"about":[{"href":"https:\/\/www.elsindical.com.ar\/notas\/wp-json\/wp\/v2\/types\/post"}],"author":[{"embeddable":true,"href":"https:\/\/www.elsindical.com.ar\/notas\/wp-json\/wp\/v2\/users\/1"}],"replies":[{"embeddable":true,"href":"https:\/\/www.elsindical.com.ar\/notas\/wp-json\/wp\/v2\/comments?post=53840"}],"version-history":[{"count":1,"href":"https:\/\/www.elsindical.com.ar\/notas\/wp-json\/wp\/v2\/posts\/53840\/revisions"}],"predecessor-version":[{"id":53842,"href":"https:\/\/www.elsindical.com.ar\/notas\/wp-json\/wp\/v2\/posts\/53840\/revisions\/53842"}],"wp:attachment":[{"href":"https:\/\/www.elsindical.com.ar\/notas\/wp-json\/wp\/v2\/media?parent=53840"}],"wp:term":[{"taxonomy":"category","embeddable":true,"href":"https:\/\/www.elsindical.com.ar\/notas\/wp-json\/wp\/v2\/categories?post=53840"},{"taxonomy":"post_tag","embeddable":true,"href":"https:\/\/www.elsindical.com.ar\/notas\/wp-json\/wp\/v2\/tags?post=53840"}],"curies":[{"name":"wp","href":"https:\/\/api.w.org\/{rel}","templated":true}]}}