{"id":53838,"date":"2015-09-07T15:08:32","date_gmt":"2015-09-07T18:08:32","guid":{"rendered":"http:\/\/www.elsindical.com.ar\/notas\/?p=53838"},"modified":"2015-09-07T15:08:32","modified_gmt":"2015-09-07T18:08:32","slug":"una-ex-funcionaria-kirchnerista-se-autoexculpo-de-un-proceso-por-corrupcion","status":"publish","type":"post","link":"https:\/\/www.elsindical.com.ar\/notas\/una-ex-funcionaria-kirchnerista-se-autoexculpo-de-un-proceso-por-corrupcion\/","title":{"rendered":"Una ex funcionaria kirchnerista se autoexculp\u00f3 de un proceso por corrupci\u00f3n"},"content":{"rendered":"<p><em><a href=\"http:\/\/www.elsindical.com.ar\/notas\/var\/www\/html\/notas\/wp-content\/uploads\/2013\/09\/Romina-Picolotti.jpg\"><img loading=\"lazy\" decoding=\"async\" class=\"alignnone size-medium wp-image-37205\" src=\"http:\/\/www.elsindical.com.ar\/notas\/var\/www\/html\/notas\/wp-content\/uploads\/2013\/09\/Romina-Picolotti-300x200.jpg\" alt=\"Romina-Picolotti\" width=\"300\" height=\"200\" srcset=\"https:\/\/www.elsindical.com.ar\/notas\/var\/www\/html\/notas\/wp-content\/uploads\/2013\/09\/Romina-Picolotti-300x200.jpg 300w, https:\/\/www.elsindical.com.ar\/notas\/var\/www\/html\/notas\/wp-content\/uploads\/2013\/09\/Romina-Picolotti-450x300.jpg 450w, https:\/\/www.elsindical.com.ar\/notas\/var\/www\/html\/notas\/wp-content\/uploads\/2013\/09\/Romina-Picolotti.jpg 531w\" sizes=\"auto, (max-width: 300px) 100vw, 300px\" \/><\/a>\u00a0 Romina Picolotti, ex secretaria de Ambiente de N\u00e9stor y Cristina Kirchner, public\u00f3 en la web de su fundaci\u00f3n que fue \u00absobrese\u00edda de acusaciones en su contra\u00bb. Sin embargo ir\u00e1 a juicio oral y p\u00fablico por defraudaci\u00f3n.<\/em><\/p>\n<p>La ex Secretaria de Ambiente y Desarrollo Sustentable public\u00f3 un <b>curioso y confuso comunicado<\/b>. <b>Picolotti est\u00e1 imputada en una causa por corrupci\u00f3n<\/b> durante su gesti\u00f3n, por la que deber\u00e1 afrontar<b> juicio oral y p\u00fablico<\/b>. Fue citada para <b>hoy lunes, a las 10:00 hs.\u00a0de la ma\u00f1ana<\/b>, en el Tribunal Oral en lo Criminal Federal 6.<\/p>\n<p>Romina Picolotti cre\u00f3 hace unos a\u00f1os la fundaci\u00f3n CEDHA (Centro de Derechos Humanos y Ambiente) que tiene una p\u00e1gina web. All\u00ed aparece una <b>noticia que fue tomada con cierta iron\u00eda en los Tribunales de Comodoro Py<\/b>.<\/p>\n<p>La ex funcionaria kirchnerista se defendi\u00f3 de las acusaciones en un confuso comunicado que public\u00f3 el pasado 12 de agosto en donde se\u00f1ala que \u00ab<b>fue sobrese\u00edda de las acusaciones elevadas en su contra por el fiscal Guillermo Marijuan<\/b>\u00ab. Pero no es as\u00ed. A pesar de lo que diga la web de su fundaci\u00f3n,<b> Picolotti deber\u00e1 someterse a un juicio oral y p\u00fablico por defraudaci\u00f3n a la administraci\u00f3n p\u00fablica y malversaci\u00f3n de caudales<\/b>.<\/p>\n<p>Sin embargo, en su portal, la ex funcionaria hace referencia a las acusaciones presentadas por el fiscal Mariju\u00e1n en 2007 luego de una nota publicada por el diario Clar\u00edn, que deriv\u00f3 en una investigaci\u00f3n que ya lleva m\u00e1s de 8 a\u00f1os.<\/p>\n<p>La ex Secretaria bajo la gesti\u00f3n de N\u00e9stor Kirchner <b>argumenta haber sido sobrese\u00edda \u00abde la acusaci\u00f3n de que contrat\u00f3 a cientos de familiares y amigos<\/b> y que adem\u00e1s no fue posible reprocharle un s\u00f3lo contrato de los que realiz\u00f3 en su gesti\u00f3n. Todas las personas contratadas no s\u00f3lo eran id\u00f3neas sino que adem\u00e1s prestaron efectivamente servicios en la Secretaria de Ambiente\u00bb.<\/p>\n<p><b>Picolotti omiti\u00f3 decir que ser\u00e1 sometida a juicio oral y p\u00fablico <\/b>ya que la sobreseyeron por algunos hechos y no por otros en los que a\u00fan sigue procesada. Por lo que<b> no fue sobrese\u00edda en la causa, sino que deber\u00e1 responder ante el TOF 6 integrado por los jueces Jos\u00e9 Mart\u00ednez Sobrino, Julio Carlos Panelo y Mar\u00eda Roqueta<\/b>.<\/p>\n<p>\u00abLuego de ocho a\u00f1os de investigaci\u00f3n judicial, <b>el sobreseimiento de Picolotti la libera de toda responsabilidad respecto a las acusaciones realizadas en el 2007 por el Fiscal Marijuan<\/b>\u00ab, afirma el comunicado publicado en la web de la CEDHA respecto de la causa judicial que la Justicia lleva en su contra, en donde curiosamente no se hace referencia alguna a las acusaciones por las que a\u00fan sigue imputada y por las que tendr\u00e1 que afrontar pr\u00f3ximamente un juicio oral.<\/p>\n<p>El escrito finaliza informando que la ex funcionaria procesada \u00ab<b>siempre ha sostenido su inocencia ante las acusaciones infundadas que se presentaron en su contra durante su gesti\u00f3n<\/b>, y mantiene al d\u00eda de hoy su compromiso y dedicaci\u00f3n en la protecci\u00f3n del medio ambiente. Sigue su trabajo desde la fundaci\u00f3n CEDHA, abordando temas ambientales nacionales y globales, como avanzar en acciones para revertir el cambio clim\u00e1tico, en garantizar la protecci\u00f3n del agua y de los glaciares, y frenar la contaminaci\u00f3n provocada por industrias como la miner\u00eda, el gas y petr\u00f3leo mediante la controvertida metodolog\u00eda de la fracturaci\u00f3n hidr\u00e1ulica (fracking)\u00bb.<\/p>\n<p>A\u00a0principios de julio la informaci\u00f3n sobre una millonaria transacci\u00f3n inmobiliaria en <b>Palm Beach Gardens<\/b>, una de las zonas m\u00e1s exclusivas de Miami, en los Estados Unidos. All\u00ed, en el 1055 del boulevard Vintnier y mientras era investigada por la justicia, <b>Romina Picolotti y su pareja, Jorge Taillant, adquirieron una casona de dos pisos por la que pagaron U$S 459 mil<\/b>.<\/p>\n<p>Este medio accedi\u00f3 a un oficio firmado por la jueza <b>Mar\u00eda Roqueta<\/b>, el pasado 31 de agosto, en donde se la cita a Picolotti para hoy lunes a fin de imponerle el tr\u00e1mite a seguir en la causa en la que est\u00e1 imputada. Mediante este documento se le hizo saber el nombre de los jueces que la juzgar\u00e1n, del secretario del Tribunal <b>Carlos Poledo<\/b> y del fiscal que actuar\u00e1 en el debate: <b>Diego Lucini<\/b>.<\/p>\n<p>Adem\u00e1s la Justicia orden\u00f3 actualizar sus antecedentes, librando para esto oficios a la Divisi\u00f3n Antecedentes y al Registro Nacional de Reincidencia. Tambi\u00e9n se orden\u00f3 tomar sobre la ex funcionaria cinco juegos de huellas dactilares y la elaboraci\u00f3n de un informe socio-ambiental.<\/p>\n<p>A partir de las 10 de la ma\u00f1ana, en el sexto piso de los Tribunales de Comodoro Py, la ex secretaria de Ambiente deber\u00e1 presentarse para comenzar los preparativos por su juicio oral y p\u00fablico por un delito de corrupci\u00f3n. <b>Nada m\u00e1s lejano que lo que anuncia en su p\u00e1gina web<\/b>.<\/p>\n<p>&nbsp;<\/p>\n<p><strong>Fuente: Infobae<\/strong><\/p>\n","protected":false},"excerpt":{"rendered":"<p>\u00a0 Romina Picolotti, ex secretaria de Ambiente de N\u00e9stor y Cristina Kirchner, public\u00f3 en la web de su fundaci\u00f3n que fue \u00absobrese\u00edda de acusaciones en su contra\u00bb. Sin embargo ir\u00e1 a juicio oral y p\u00fablico por defraudaci\u00f3n. La ex Secretaria de Ambiente y Desarrollo Sustentable public\u00f3 un curioso y confuso comunicado. Picolotti est\u00e1 imputada en&hellip;<\/p>\n","protected":false},"author":1,"featured_media":0,"comment_status":"open","ping_status":"open","sticky":false,"template":"","format":"standard","meta":{"footnotes":""},"categories":[20],"tags":[22139,516,16906],"class_list":["post-53838","post","type-post","status-publish","format-standard","hentry","category-judiciales","tag-cedha","tag-juicio-oral","tag-romina-picolotti"],"_links":{"self":[{"href":"https:\/\/www.elsindical.com.ar\/notas\/wp-json\/wp\/v2\/posts\/53838","targetHints":{"allow":["GET"]}}],"collection":[{"href":"https:\/\/www.elsindical.com.ar\/notas\/wp-json\/wp\/v2\/posts"}],"about":[{"href":"https:\/\/www.elsindical.com.ar\/notas\/wp-json\/wp\/v2\/types\/post"}],"author":[{"embeddable":true,"href":"https:\/\/www.elsindical.com.ar\/notas\/wp-json\/wp\/v2\/users\/1"}],"replies":[{"embeddable":true,"href":"https:\/\/www.elsindical.com.ar\/notas\/wp-json\/wp\/v2\/comments?post=53838"}],"version-history":[{"count":1,"href":"https:\/\/www.elsindical.com.ar\/notas\/wp-json\/wp\/v2\/posts\/53838\/revisions"}],"predecessor-version":[{"id":53839,"href":"https:\/\/www.elsindical.com.ar\/notas\/wp-json\/wp\/v2\/posts\/53838\/revisions\/53839"}],"wp:attachment":[{"href":"https:\/\/www.elsindical.com.ar\/notas\/wp-json\/wp\/v2\/media?parent=53838"}],"wp:term":[{"taxonomy":"category","embeddable":true,"href":"https:\/\/www.elsindical.com.ar\/notas\/wp-json\/wp\/v2\/categories?post=53838"},{"taxonomy":"post_tag","embeddable":true,"href":"https:\/\/www.elsindical.com.ar\/notas\/wp-json\/wp\/v2\/tags?post=53838"}],"curies":[{"name":"wp","href":"https:\/\/api.w.org\/{rel}","templated":true}]}}