{"id":53835,"date":"2015-09-07T15:00:29","date_gmt":"2015-09-07T18:00:29","guid":{"rendered":"http:\/\/www.elsindical.com.ar\/notas\/?p=53835"},"modified":"2015-09-07T15:00:29","modified_gmt":"2015-09-07T18:00:29","slug":"los-presos-con-libertad-condicional-no-son-controlados-hace-dos-meses-por-un-paro","status":"publish","type":"post","link":"https:\/\/www.elsindical.com.ar\/notas\/los-presos-con-libertad-condicional-no-son-controlados-hace-dos-meses-por-un-paro\/","title":{"rendered":"Los presos con libertad condicional no son controlados hace dos meses por un paro"},"content":{"rendered":"<p><em><a href=\"http:\/\/www.elsindical.com.ar\/notas\/var\/www\/html\/notas\/wp-content\/uploads\/2011\/02\/edificio-de-Comodoro-Py.jpg\"><img loading=\"lazy\" decoding=\"async\" class=\"alignnone size-medium wp-image-12476\" src=\"http:\/\/www.elsindical.com.ar\/notas\/var\/www\/html\/notas\/wp-content\/uploads\/2011\/02\/edificio-de-Comodoro-Py-300x180.jpg\" alt=\"edificio-de-Comodoro-Py\" width=\"300\" height=\"180\" srcset=\"https:\/\/www.elsindical.com.ar\/notas\/var\/www\/html\/notas\/wp-content\/uploads\/2011\/02\/edificio-de-Comodoro-Py-300x180.jpg 300w, https:\/\/www.elsindical.com.ar\/notas\/var\/www\/html\/notas\/wp-content\/uploads\/2011\/02\/edificio-de-Comodoro-Py.jpg 413w\" sizes=\"auto, (max-width: 300px) 100vw, 300px\" \/><\/a>\u00a0Empleados del ex patronato de liberados realizan un cese de tareas desde julio en reclamo de que su trabajo sea pagado. Desde entonces, violadores y otros delincuentes circulan sin supervisi\u00f3n.<\/em><\/p>\n<p>Violadores, militares con prisi\u00f3n domiciliaria y condenados con el beneficio de libertad condicional son apenas algunos de <b>los delincuentes que<\/b> <b>no son controlados hace al menos dos meses<\/b> por el paro que realizan los trabajadores del ex patronato de liberados.<\/p>\n<p>\u00abSomos los responsables de la supervisi\u00f3n y tratamiento de personas con causas penales que gozan de distintos beneficios como libertades condicionales, asistidas, arrestos domiciliarios, supervisi\u00f3n de los detenidos por delitos de lesa humanidad, probation, excarcelaciones, condenas de ejecuci\u00f3n condicional, y la supervisi\u00f3n de los delitos contra la integridad sexual. Pero <b>estamos de paro porque no cobramos nuestros sueldos<\/b>\u00ab, se\u00f1alaron a trav\u00e9s de un comunicado.<\/p>\n<p>Hasta hace poco, su trabajo era no remunerado. Pero la sanci\u00f3n el a\u00f1o pasado de la <b>Ley 27.080 <\/b>para la creaci\u00f3n de la Direcci\u00f3n de Control y Asistencia de la Ejecuci\u00f3n Penal dispuso que esa tarea deb\u00eda ser remunerada. Hasta el momento, sin embargo, no cobraron ni un solo haber.<\/p>\n<p>Los 98 trabajadores afectados marchan este mediod\u00eda a los tribunales de Comodoro Py para reclamar su regularizaci\u00f3n junto al gremio Uni\u00f3n de Empleados Judiciales de la Naci\u00f3n (UEJN) que encabeza el moyanista Julio Piumato. \u00abMientras <b>se financian campa\u00f1as electorales millonarias que usan en sus propuestas el tema de la inseguridad<\/b> y prometen respuestas a esos problemas, los profesionales que debemos supervisar a miles de condenados no podemos trabajar\u00bb, se\u00f1alaron los manifestantes.<\/p>\n<p>Los funcionarios responsables se pasan la pelota sin dar respuestas. Aunque t\u00e9cnicamente la dependencia est\u00e1 a cargo de la C\u00e1mara Federal de Casaci\u00f3n Penal y el Poder Judicial de la Naci\u00f3n, los funcionarios alegan que \u00abel presupuesto pedido para la puesta en marcha de esta Direcci\u00f3n de Ejecuci\u00f3n Penal <b>est\u00e1 trabado en el Ministerio de Econom\u00eda de la Naci\u00f3n<\/b>, a pesar de que la Ley 27.080 prev\u00e9 que el jefe de Gabinete de Ministros realice la readecuaci\u00f3n presupuestaria correspondiente para que garantice nuestra fuente de trabajo\u00bb.<\/p>\n<p>\u00abEs la presidente de la C\u00e1mara Federal (Ana Mar\u00eda Figueroa) quien dijo haberse puesto al hombro desde enero de este a\u00f1o las gestiones de la reglamentaci\u00f3n de esta ley. <b>Pero no cumple los plazos ni las promesas<\/b>\u00ab, cuestionaron a trav\u00e9s del comunicado repartido a la puerta de Comodoro Py.<\/p>\n<p><a href=\"http:\/\/www.elsindical.com.ar\/notas\/var\/www\/html\/notas\/wp-content\/uploads\/2015\/09\/marcha-ex-empleados-Patronato.jpg\"><img loading=\"lazy\" decoding=\"async\" class=\"alignnone size-medium wp-image-53836\" src=\"http:\/\/www.elsindical.com.ar\/notas\/var\/www\/html\/notas\/wp-content\/uploads\/2015\/09\/marcha-ex-empleados-Patronato-300x169.jpg\" alt=\"marcha ex empleados Patronato\" width=\"300\" height=\"169\" srcset=\"https:\/\/www.elsindical.com.ar\/notas\/var\/www\/html\/notas\/wp-content\/uploads\/2015\/09\/marcha-ex-empleados-Patronato-300x169.jpg 300w, https:\/\/www.elsindical.com.ar\/notas\/var\/www\/html\/notas\/wp-content\/uploads\/2015\/09\/marcha-ex-empleados-Patronato-500x281.jpg 500w, https:\/\/www.elsindical.com.ar\/notas\/var\/www\/html\/notas\/wp-content\/uploads\/2015\/09\/marcha-ex-empleados-Patronato.jpg 770w\" sizes=\"auto, (max-width: 300px) 100vw, 300px\" \/><\/a><\/p>\n","protected":false},"excerpt":{"rendered":"<p>\u00a0Empleados del ex patronato de liberados realizan un cese de tareas desde julio en reclamo de que su trabajo sea pagado. Desde entonces, violadores y otros delincuentes circulan sin supervisi\u00f3n. Violadores, militares con prisi\u00f3n domiciliaria y condenados con el beneficio de libertad condicional son apenas algunos de los delincuentes que no son controlados hace al&hellip;<\/p>\n","protected":false},"author":1,"featured_media":0,"comment_status":"open","ping_status":"open","sticky":false,"template":"","format":"standard","meta":{"footnotes":""},"categories":[20],"tags":[515,67,22137,22138,1147],"class_list":["post-53835","post","type-post","status-publish","format-standard","hentry","category-judiciales","tag-condenados","tag-paro","tag-patronato","tag-reclamo-sueldos","tag-uejn"],"_links":{"self":[{"href":"https:\/\/www.elsindical.com.ar\/notas\/wp-json\/wp\/v2\/posts\/53835","targetHints":{"allow":["GET"]}}],"collection":[{"href":"https:\/\/www.elsindical.com.ar\/notas\/wp-json\/wp\/v2\/posts"}],"about":[{"href":"https:\/\/www.elsindical.com.ar\/notas\/wp-json\/wp\/v2\/types\/post"}],"author":[{"embeddable":true,"href":"https:\/\/www.elsindical.com.ar\/notas\/wp-json\/wp\/v2\/users\/1"}],"replies":[{"embeddable":true,"href":"https:\/\/www.elsindical.com.ar\/notas\/wp-json\/wp\/v2\/comments?post=53835"}],"version-history":[{"count":1,"href":"https:\/\/www.elsindical.com.ar\/notas\/wp-json\/wp\/v2\/posts\/53835\/revisions"}],"predecessor-version":[{"id":53837,"href":"https:\/\/www.elsindical.com.ar\/notas\/wp-json\/wp\/v2\/posts\/53835\/revisions\/53837"}],"wp:attachment":[{"href":"https:\/\/www.elsindical.com.ar\/notas\/wp-json\/wp\/v2\/media?parent=53835"}],"wp:term":[{"taxonomy":"category","embeddable":true,"href":"https:\/\/www.elsindical.com.ar\/notas\/wp-json\/wp\/v2\/categories?post=53835"},{"taxonomy":"post_tag","embeddable":true,"href":"https:\/\/www.elsindical.com.ar\/notas\/wp-json\/wp\/v2\/tags?post=53835"}],"curies":[{"name":"wp","href":"https:\/\/api.w.org\/{rel}","templated":true}]}}