{"id":53832,"date":"2015-09-07T14:51:03","date_gmt":"2015-09-07T17:51:03","guid":{"rendered":"http:\/\/www.elsindical.com.ar\/notas\/?p=53832"},"modified":"2015-09-07T14:51:03","modified_gmt":"2015-09-07T17:51:03","slug":"san-cayetano-hacia-dedo-en-la-ruta-y-la-levanto-del-potro","status":"publish","type":"post","link":"https:\/\/www.elsindical.com.ar\/notas\/san-cayetano-hacia-dedo-en-la-ruta-y-la-levanto-del-potro\/","title":{"rendered":"San Cayetano: Hac\u00eda dedo en la ruta y la levant\u00f3 Del Potro"},"content":{"rendered":"<p><em><a href=\"http:\/\/www.elsindical.com.ar\/notas\/var\/www\/html\/notas\/wp-content\/uploads\/2015\/09\/polic\u00eda-con-Delpo.jpg\"><img loading=\"lazy\" decoding=\"async\" class=\"alignnone size-medium wp-image-53833\" src=\"http:\/\/www.elsindical.com.ar\/notas\/var\/www\/html\/notas\/wp-content\/uploads\/2015\/09\/polic\u00eda-con-Delpo-257x300.jpg\" alt=\"polic\u00eda-con-Delpo\" width=\"257\" height=\"300\" srcset=\"https:\/\/www.elsindical.com.ar\/notas\/var\/www\/html\/notas\/wp-content\/uploads\/2015\/09\/polic\u00eda-con-Delpo-257x300.jpg 257w, https:\/\/www.elsindical.com.ar\/notas\/var\/www\/html\/notas\/wp-content\/uploads\/2015\/09\/polic\u00eda-con-Delpo.jpg 620w\" sizes=\"auto, (max-width: 257px) 100vw, 257px\" \/><\/a>\u00a0 Le ocurri\u00f3 a una polic\u00eda en San Cayetano. &#8216;Hace dedo y que me levante un genio, Delpo&#8217;, public\u00f3 despu\u00e9s.<\/em><\/p>\n<p>Una polic\u00eda que hac\u00eda dedo sobre la ruta a la altura de la localidad bonaerense de San Cayetano se llev\u00f3 una gran sorpresa: la levant\u00f3 Juan Mart\u00edn Del Potro.<\/p>\n<div>Aldana Bozzolo, la polic\u00eda en cuesti\u00f3n, intentaba regresar a Mar del Plata, donde vive, tras su larga jornada laboral. Como es su costumbre, realizaba dedo sobre la ruta -ya que no tiene auto para emprender el regreso a su casa- cuando la levant\u00f3 en su auto el tenista Juan Mart\u00edn Del Potro.<\/div>\n<div><\/div>\n<div>Llena de felicidad, la polic\u00eda minutos despu\u00e9s subi\u00f3 una foto a Instagram donde public\u00f3: \u00abHacer dedo y que me lleve un genio, Delpo\u201d.<\/div>\n","protected":false},"excerpt":{"rendered":"<p>\u00a0 Le ocurri\u00f3 a una polic\u00eda en San Cayetano. &#8216;Hace dedo y que me levante un genio, Delpo&#8217;, public\u00f3 despu\u00e9s. Una polic\u00eda que hac\u00eda dedo sobre la ruta a la altura de la localidad bonaerense de San Cayetano se llev\u00f3 una gran sorpresa: la levant\u00f3 Juan Mart\u00edn Del Potro. Aldana Bozzolo, la polic\u00eda en cuesti\u00f3n,&hellip;<\/p>\n","protected":false},"author":1,"featured_media":0,"comment_status":"open","ping_status":"open","sticky":false,"template":"","format":"standard","meta":{"footnotes":""},"categories":[25],"tags":[22136,109,1673,30,12277],"class_list":["post-53832","post","type-post","status-publish","format-standard","hentry","category-sociedad","tag-aldana-bozzolo","tag-juan-martin-del-potro","tag-mar-del-plata","tag-policia","tag-san-cayetano"],"_links":{"self":[{"href":"https:\/\/www.elsindical.com.ar\/notas\/wp-json\/wp\/v2\/posts\/53832","targetHints":{"allow":["GET"]}}],"collection":[{"href":"https:\/\/www.elsindical.com.ar\/notas\/wp-json\/wp\/v2\/posts"}],"about":[{"href":"https:\/\/www.elsindical.com.ar\/notas\/wp-json\/wp\/v2\/types\/post"}],"author":[{"embeddable":true,"href":"https:\/\/www.elsindical.com.ar\/notas\/wp-json\/wp\/v2\/users\/1"}],"replies":[{"embeddable":true,"href":"https:\/\/www.elsindical.com.ar\/notas\/wp-json\/wp\/v2\/comments?post=53832"}],"version-history":[{"count":1,"href":"https:\/\/www.elsindical.com.ar\/notas\/wp-json\/wp\/v2\/posts\/53832\/revisions"}],"predecessor-version":[{"id":53834,"href":"https:\/\/www.elsindical.com.ar\/notas\/wp-json\/wp\/v2\/posts\/53832\/revisions\/53834"}],"wp:attachment":[{"href":"https:\/\/www.elsindical.com.ar\/notas\/wp-json\/wp\/v2\/media?parent=53832"}],"wp:term":[{"taxonomy":"category","embeddable":true,"href":"https:\/\/www.elsindical.com.ar\/notas\/wp-json\/wp\/v2\/categories?post=53832"},{"taxonomy":"post_tag","embeddable":true,"href":"https:\/\/www.elsindical.com.ar\/notas\/wp-json\/wp\/v2\/tags?post=53832"}],"curies":[{"name":"wp","href":"https:\/\/api.w.org\/{rel}","templated":true}]}}