{"id":53829,"date":"2015-09-07T07:51:02","date_gmt":"2015-09-07T10:51:02","guid":{"rendered":"http:\/\/www.elsindical.com.ar\/notas\/?p=53829"},"modified":"2015-09-07T07:51:02","modified_gmt":"2015-09-07T10:51:02","slug":"lanzan-programa-de-prevencion-integral-en-parques-industriales","status":"publish","type":"post","link":"https:\/\/www.elsindical.com.ar\/notas\/lanzan-programa-de-prevencion-integral-en-parques-industriales\/","title":{"rendered":"Lanzan programa de Prevenci\u00f3n Integral en Parques Industriales"},"content":{"rendered":"<p class=\"copete\"><em><a href=\"http:\/\/www.elsindical.com.ar\/notas\/var\/www\/html\/notas\/wp-content\/uploads\/2015\/09\/Programa-de-Prevenci\u00f3n-de-accidentes-en-Parques-Industriales.jpg\"><img loading=\"lazy\" decoding=\"async\" class=\"alignnone size-medium wp-image-53830\" src=\"http:\/\/www.elsindical.com.ar\/notas\/var\/www\/html\/notas\/wp-content\/uploads\/2015\/09\/Programa-de-Prevenci\u00f3n-de-accidentes-en-Parques-Industriales-300x176.jpg\" alt=\"Programa-de-Prevenci\u00f3n-de-accidentes-en-Parques-Industriales\" width=\"300\" height=\"176\" srcset=\"https:\/\/www.elsindical.com.ar\/notas\/var\/www\/html\/notas\/wp-content\/uploads\/2015\/09\/Programa-de-Prevenci\u00f3n-de-accidentes-en-Parques-Industriales-300x176.jpg 300w, https:\/\/www.elsindical.com.ar\/notas\/var\/www\/html\/notas\/wp-content\/uploads\/2015\/09\/Programa-de-Prevenci\u00f3n-de-accidentes-en-Parques-Industriales-500x294.jpg 500w, https:\/\/www.elsindical.com.ar\/notas\/var\/www\/html\/notas\/wp-content\/uploads\/2015\/09\/Programa-de-Prevenci\u00f3n-de-accidentes-en-Parques-Industriales.jpg 620w\" sizes=\"auto, (max-width: 300px) 100vw, 300px\" \/><\/a>\u00a0 El acto fue presidido por autoridades nacionales y bonaerenses. La CGT Regional Lomas de Zamora estuvo representada por los dirigentes Oliva y Carrizo.<\/em><\/p>\n<p>El titular de la Superintendencia de Riesgos del Trabajo (SRT),<strong> Juan Gonz\u00e1lez Gaviola<\/strong>, y el ministro de Trabajo de la provincia de Buenos Aires, <strong>Oscar Cuartango<\/strong>, encabezaron este jueves el lanzamiento del Programa de Prevenci\u00f3n Integral en Parques Industriales, llevado a cabo en el Sector Industrial Planificado de Alte. Brown (SIPAB).<\/p>\n<p>Gonz\u00e1lez Gaviola felicit\u00f3 a las autoridades del SIPAB y remarc\u00f3 que \u201cla Argentina se reconstruy\u00f3 a partir de haber optado por tener un pa\u00eds en donde se iba a generar la riqueza trabajando. Como dijo ayer la presidente <strong>Cristina Fern\u00e1ndez de Kirchner<\/strong>, sin industria no hay pa\u00eds. En este sentido, los mayores empleadores son las PYMES, como las que se encuentran en este Parque Industrial\u201d.<\/p>\n<p>\u201cQueremos venir a colaborar en un escenario en que creemos que<strong> la Argentina debe continuar en este c\u00edrculo<\/strong> de mejora permanente, en un momento que afrontamos un escenario internacional adverso. Ac\u00e1 durante mucho tiempo se pens\u00f3 que la \u00fanica forma de generar riqueza era a trav\u00e9s de la explotaci\u00f3n del trabajador. Este mito lo hemos derribado en estos 12 a\u00f1os, creciendo con inclusi\u00f3n social\u201d, finaliz\u00f3 el funcionario nacional.<\/p>\n<p>El mencionado programa tiene como objetivo capacitar tanto a empleadores como a trabajadores en materia de relevamiento en Condiciones y Medio Ambiente de Trabajo (CYMAT), Programa Nacional de Trabajadores Saludables, Sistema de Riesgos del Trabajo, \u00e1reas de Higiene y Seguridad y de medicina del Trabajo (Resoluci\u00f3n SRT 905\/15) y requerimientos de informaci\u00f3n.<\/p>\n<p>Tambi\u00e9n participaron del acto el subsecretario de Trabajo provincial, <strong>Carlos Molina<\/strong>; el secretario General y el secretario Gremial de la CGT Regional Lomas de Zamora, <strong>Cristian Oliva <\/strong>y <strong>Julio Carrizo<\/strong>; el presidente de la Uni\u00f3n Industrial Almirante Brown (UIAB), <strong>Julio Barbieri<\/strong>; y el titular del SIPAB, <strong>Walter Sipag<\/strong>.<\/p>\n<p>Tras la presentaci\u00f3n, el secretario General de la CGT Regional, <strong>Cristian Oliva,<\/strong> en primer lugar, salud\u00f3 a todos los industriales al celebrarse el mi\u00e9rcoles pasado su d\u00eda, y luego asegur\u00f3 que \u201csi hubo un pasado de lucha, tiene que haber un presente de consenso y un futuro de proyectos\u201d.<\/p>\n<p>\u201cEn este camino que estamos transitando, nos ha tocado vivir un paso muy importante como fue la homologaci\u00f3n del Boleto Obrero en el Parque Industrial de Almirante Brown. Este logro fue parte de la Paz Social\u201d, agreg\u00f3 Oliva.<\/p>\n<p>A su vez, a\u00f1adi\u00f3 que \u201csin industria no hay trabajadores, y<strong> sin trabajadores no hay industria<\/strong>. Siempre vamos a acompa\u00f1ar todos los proyectos que impliquen mejorar la calidad de vida de los trabajadores\u201d.<\/p>\n","protected":false},"excerpt":{"rendered":"<p>\u00a0 El acto fue presidido por autoridades nacionales y bonaerenses. La CGT Regional Lomas de Zamora estuvo representada por los dirigentes Oliva y Carrizo. El titular de la Superintendencia de Riesgos del Trabajo (SRT), Juan Gonz\u00e1lez Gaviola, y el ministro de Trabajo de la provincia de Buenos Aires, Oscar Cuartango, encabezaron este jueves el lanzamiento&hellip;<\/p>\n","protected":false},"author":1,"featured_media":0,"comment_status":"open","ping_status":"open","sticky":false,"template":"","format":"standard","meta":{"footnotes":""},"categories":[16],"tags":[910,22135,230,22133,22134],"class_list":["post-53829","post","type-post","status-publish","format-standard","hentry","category-gremiales","tag-cgt","tag-cymat","tag-oscar-cuartango","tag-sipab","tag-uiab"],"_links":{"self":[{"href":"https:\/\/www.elsindical.com.ar\/notas\/wp-json\/wp\/v2\/posts\/53829","targetHints":{"allow":["GET"]}}],"collection":[{"href":"https:\/\/www.elsindical.com.ar\/notas\/wp-json\/wp\/v2\/posts"}],"about":[{"href":"https:\/\/www.elsindical.com.ar\/notas\/wp-json\/wp\/v2\/types\/post"}],"author":[{"embeddable":true,"href":"https:\/\/www.elsindical.com.ar\/notas\/wp-json\/wp\/v2\/users\/1"}],"replies":[{"embeddable":true,"href":"https:\/\/www.elsindical.com.ar\/notas\/wp-json\/wp\/v2\/comments?post=53829"}],"version-history":[{"count":1,"href":"https:\/\/www.elsindical.com.ar\/notas\/wp-json\/wp\/v2\/posts\/53829\/revisions"}],"predecessor-version":[{"id":53831,"href":"https:\/\/www.elsindical.com.ar\/notas\/wp-json\/wp\/v2\/posts\/53829\/revisions\/53831"}],"wp:attachment":[{"href":"https:\/\/www.elsindical.com.ar\/notas\/wp-json\/wp\/v2\/media?parent=53829"}],"wp:term":[{"taxonomy":"category","embeddable":true,"href":"https:\/\/www.elsindical.com.ar\/notas\/wp-json\/wp\/v2\/categories?post=53829"},{"taxonomy":"post_tag","embeddable":true,"href":"https:\/\/www.elsindical.com.ar\/notas\/wp-json\/wp\/v2\/tags?post=53829"}],"curies":[{"name":"wp","href":"https:\/\/api.w.org\/{rel}","templated":true}]}}