{"id":53768,"date":"2015-09-03T23:22:42","date_gmt":"2015-09-04T02:22:42","guid":{"rendered":"http:\/\/www.elsindical.com.ar\/notas\/?p=53768"},"modified":"2015-09-03T23:22:42","modified_gmt":"2015-09-04T02:22:42","slug":"neuquen-la-produccion-de-ypf-paralizada-por-reclamo-mapuche","status":"publish","type":"post","link":"https:\/\/www.elsindical.com.ar\/notas\/neuquen-la-produccion-de-ypf-paralizada-por-reclamo-mapuche\/","title":{"rendered":"Neuqu\u00e9n: La producci\u00f3n de YPF paralizada por reclamo Mapuche"},"content":{"rendered":"<p><em><a href=\"http:\/\/www.elsindical.com.ar\/notas\/var\/www\/html\/notas\/wp-content\/uploads\/2015\/09\/reclamo-Mapuche-en-Neuqu\u00e9n.jpg\"><img loading=\"lazy\" decoding=\"async\" class=\"alignnone size-medium wp-image-53769\" src=\"http:\/\/www.elsindical.com.ar\/notas\/var\/www\/html\/notas\/wp-content\/uploads\/2015\/09\/reclamo-Mapuche-en-Neuqu\u00e9n-300x169.jpg\" alt=\"reclamo-Mapuche-en-Neuqu\u00e9n\" width=\"300\" height=\"169\" srcset=\"https:\/\/www.elsindical.com.ar\/notas\/var\/www\/html\/notas\/wp-content\/uploads\/2015\/09\/reclamo-Mapuche-en-Neuqu\u00e9n-300x169.jpg 300w, https:\/\/www.elsindical.com.ar\/notas\/var\/www\/html\/notas\/wp-content\/uploads\/2015\/09\/reclamo-Mapuche-en-Neuqu\u00e9n-500x282.jpg 500w, https:\/\/www.elsindical.com.ar\/notas\/var\/www\/html\/notas\/wp-content\/uploads\/2015\/09\/reclamo-Mapuche-en-Neuqu\u00e9n.jpg 531w\" sizes=\"auto, (max-width: 300px) 100vw, 300px\" \/><\/a>La petrolera denunci\u00f3 \u00abactos violentos\u00bb e interrumpi\u00f3 la actividad de los yacimientos para<b> \u00abgarantizar la seguridad\u00bb<\/b> de los operarios y las instalaciones, ante las protestas. <b>Podr\u00edan faltar gas y combustible<\/b>.<\/em><\/p>\n<p>A trav\u00e9s de un comunicado, la <b>petrolera estatal YPF<\/b> inform\u00f3 que se vio \u00abforzada a <b>paralizar la totalidad de su producci\u00f3n de petr\u00f3leo y gas<\/b> de Loma La Lata y Loma Campana, en la provincia de Neuqu\u00e9n\u00bb.<\/p>\n<p>La compa\u00f1\u00eda tom\u00f3 esta decisi\u00f3n para \u00abgarantizar la seguridad de las personas, las instalaciones y el medio ambiente ante el <b>accionar irresponsable de Elba Paynemil, dirigente de la comunidad mapuche<\/b>. Lamentablemente, esta medida podr\u00eda generar, en el corto plazo, falta de gas y de combustibles en el mercado nacional\u00bb.<\/p>\n<p>La petrolera comunic\u00f3 que los miembros de dicha comunidad \u00abhace <b>48 horas tienen bloqueado <\/b>el acceso a Loma La Lata\u00bb y \u00ab<b>forzaron en forma violenta <\/b>la salida del personal de guardias m\u00ednimas en las plantas de la zona\u00bb. Por ello consider\u00f3 que \u00ablos <b>riesgos son dif\u00edciles de dimensionar<\/b> en la actual situaci\u00f3n. Con las instalaciones completamente desatendidas, podr\u00edan <b>generarse derrames y hasta incendios<\/b> en las plantas\u00bb.<\/p>\n<p>YPF argument\u00f3 que las acciones llevadas a cabo por la comunidad Paynemil \u00ab<b>carecen de sustento y racionalidad<\/b> debido a que los reclamos territoriales que las motivaron ya fueron atendidos por la provincia de Neuqu\u00e9n\u00bb.<\/p>\n<p>La petrolera que preside Miguel Galuccio realiz\u00f3 la<b> denuncia penal correspondiente<\/b> ante las autoridades e inst\u00f3 a los dirigentes mapuches \u00aba que levanten el bloqueo y permitan que personal de la compa\u00f1\u00eda, en forma urgente, despliegue un operativo de emergencia para <b>revertir la situaci\u00f3n de riesgo<\/b> en sus operaciones\u00bb.<\/p>\n","protected":false},"excerpt":{"rendered":"<p>La petrolera denunci\u00f3 \u00abactos violentos\u00bb e interrumpi\u00f3 la actividad de los yacimientos para \u00abgarantizar la seguridad\u00bb de los operarios y las instalaciones, ante las protestas. Podr\u00edan faltar gas y combustible. A trav\u00e9s de un comunicado, la petrolera estatal YPF inform\u00f3 que se vio \u00abforzada a paralizar la totalidad de su producci\u00f3n de petr\u00f3leo y gas&hellip;<\/p>\n","protected":false},"author":1,"featured_media":0,"comment_status":"open","ping_status":"open","sticky":false,"template":"","format":"standard","meta":{"footnotes":""},"categories":[25],"tags":[22115,22114,14603,621],"class_list":["post-53768","post","type-post","status-publish","format-standard","hentry","category-sociedad","tag-loma-campana","tag-loma-la-lata","tag-mapuches","tag-ypf"],"_links":{"self":[{"href":"https:\/\/www.elsindical.com.ar\/notas\/wp-json\/wp\/v2\/posts\/53768","targetHints":{"allow":["GET"]}}],"collection":[{"href":"https:\/\/www.elsindical.com.ar\/notas\/wp-json\/wp\/v2\/posts"}],"about":[{"href":"https:\/\/www.elsindical.com.ar\/notas\/wp-json\/wp\/v2\/types\/post"}],"author":[{"embeddable":true,"href":"https:\/\/www.elsindical.com.ar\/notas\/wp-json\/wp\/v2\/users\/1"}],"replies":[{"embeddable":true,"href":"https:\/\/www.elsindical.com.ar\/notas\/wp-json\/wp\/v2\/comments?post=53768"}],"version-history":[{"count":1,"href":"https:\/\/www.elsindical.com.ar\/notas\/wp-json\/wp\/v2\/posts\/53768\/revisions"}],"predecessor-version":[{"id":53770,"href":"https:\/\/www.elsindical.com.ar\/notas\/wp-json\/wp\/v2\/posts\/53768\/revisions\/53770"}],"wp:attachment":[{"href":"https:\/\/www.elsindical.com.ar\/notas\/wp-json\/wp\/v2\/media?parent=53768"}],"wp:term":[{"taxonomy":"category","embeddable":true,"href":"https:\/\/www.elsindical.com.ar\/notas\/wp-json\/wp\/v2\/categories?post=53768"},{"taxonomy":"post_tag","embeddable":true,"href":"https:\/\/www.elsindical.com.ar\/notas\/wp-json\/wp\/v2\/tags?post=53768"}],"curies":[{"name":"wp","href":"https:\/\/api.w.org\/{rel}","templated":true}]}}