{"id":53734,"date":"2015-09-02T17:19:54","date_gmt":"2015-09-02T20:19:54","guid":{"rendered":"http:\/\/www.elsindical.com.ar\/notas\/?p=53734"},"modified":"2015-09-02T17:19:54","modified_gmt":"2015-09-02T20:19:54","slug":"solicitan-testigos-para-saber-como-cayo-a-las-vias-del-roca-una-joven","status":"publish","type":"post","link":"https:\/\/www.elsindical.com.ar\/notas\/solicitan-testigos-para-saber-como-cayo-a-las-vias-del-roca-una-joven\/","title":{"rendered":"Solicitan testigos para saber c\u00f3mo cay\u00f3 a las v\u00edas del Roca una joven"},"content":{"rendered":"<p><em><a href=\"http:\/\/www.elsindical.com.ar\/notas\/var\/www\/html\/notas\/wp-content\/uploads\/2015\/09\/Tamara-Rodr\u00edguez.jpg\"><img loading=\"lazy\" decoding=\"async\" class=\"alignnone size-medium wp-image-53735\" src=\"http:\/\/www.elsindical.com.ar\/notas\/var\/www\/html\/notas\/wp-content\/uploads\/2015\/09\/Tamara-Rodr\u00edguez-300x173.jpg\" alt=\"Tamara-Rodr\u00edguez\" width=\"300\" height=\"173\" srcset=\"https:\/\/www.elsindical.com.ar\/notas\/var\/www\/html\/notas\/wp-content\/uploads\/2015\/09\/Tamara-Rodr\u00edguez-300x173.jpg 300w, https:\/\/www.elsindical.com.ar\/notas\/var\/www\/html\/notas\/wp-content\/uploads\/2015\/09\/Tamara-Rodr\u00edguez-500x289.jpg 500w, https:\/\/www.elsindical.com.ar\/notas\/var\/www\/html\/notas\/wp-content\/uploads\/2015\/09\/Tamara-Rodr\u00edguez.jpg 531w\" sizes=\"auto, (max-width: 300px) 100vw, 300px\" \/><\/a>\u00a0 Tamara Rodr\u00edguez, de 19 a\u00f1os, que viajaba en el Roca y la encontraron en el medio de dos rieles, a la altura de la estaci\u00f3n Yrigoyen.\u00a0\u00abMe dijeron que era cuesti\u00f3n de d\u00edas, pero ahora est\u00e1 un poco mejor\u00bb,\u00a0cont\u00f3\u00a0su hermana <strong>Daiana<\/strong>,<strong>\u00a0<\/strong>mientras implora datos para clarificar el hecho.<\/em><\/p>\n<p><strong>Tamara Rodr\u00edguez<\/strong>, oriunda de la localidad bonaerense de Villa Dom\u00ednico, tiene 19 a\u00f1os. Toda una vida por delante. Pero un simple viaje en tren casi deja trunco su futuro. Est\u00e1 en terapia intensiva del Hospital Argerich y lucha por recuperarse.<\/p>\n<p>Su hermana<strong> Daiana<\/strong>\u00a0ruega por el aporte de\u00a0testigos para saber que fue\u00a0lo que pas\u00f3 a bordo de un ferrocarril\u00a0el domingo 16 de agosto entre las 18 y las 18.30.<\/p>\n<p>Tamara se tom\u00f3 el tren Roca desde Dom\u00ednico hacia Constituci\u00f3n pero no lleg\u00f3 a destino ya que, misteriosamente, apareci\u00f3 tirada entre\u00a0medio de dos v\u00edas. Ning\u00fan pasajero de la formaci\u00f3n aport\u00f3\u00a0ning\u00fan dato,\u00a0por lo que la situaci\u00f3n resulta m\u00e1s que extra\u00f1a.<\/p>\n<p>Daiana explic\u00f3 un poco la situaci\u00f3n de ese d\u00eda, aunque predominan las conjeturas y las hip\u00f3tesis:\u00a0<em>\u00abEl ramal que se tom\u00f3 ella no tiene parada en Yrigoyen. Nosotros suponemos que arriba del tren pas\u00f3 algo y la tiraron, pero no tenemos certezas. Desde el Roca nos pidieron que hici\u00e9ramos\u00a0una declaraci\u00f3n. Tamara apareci\u00f3\u00a0tirada en el medio de las dos v\u00edas. La encontr\u00f3 una locomotora que iba sola, el maquinista la vio y dio aviso y enseguida lleg\u00f3 el\u00a0SAME\u00bb<\/em>.<\/p>\n<p>La hermana mayor de Tamara, que no se despega de ella a sol y a sombras,\u00a0cont\u00f3 que desde el momento del hecho hasta ahora,<em> \u00abest\u00e1 mucho\u00a0mejor, despert\u00f3 del coma. Le sacaron el neumotorax artificial, pero sigue con respirador y traqueotom\u00eda. La semana del accidente me dijeron que era cuesti\u00f3n de d\u00edas y\u00a0que no pasaba del siguiente fin de semana, pero de a poquito empez\u00f3 a reaccionar y comenz\u00f3 a salir de ese estado.\u00a0Evoluciona de a poco, va a ser muy lento esto\u00bb<\/em>.<\/p>\n<p>La car\u00e1tula del episodio figura como\u00a0<em>\u201cAveriguaci\u00f3n de lesiones\u201d<\/em>.<\/p>\n<p>Adem\u00e1s de presentarse a la Polic\u00eda, Daiana\u00a0dej\u00f3 su n\u00famero de celular para todo aquel que pueda aportar datos que resulten de ayuda para clarificar qu\u00e9 fue lo que pas\u00f3 en el tren con Tamara. El mismo es\u00a015-6837-7670.<\/p>\n","protected":false},"excerpt":{"rendered":"<p>\u00a0 Tamara Rodr\u00edguez, de 19 a\u00f1os, que viajaba en el Roca y la encontraron en el medio de dos rieles, a la altura de la estaci\u00f3n Yrigoyen.\u00a0\u00abMe dijeron que era cuesti\u00f3n de d\u00edas, pero ahora est\u00e1 un poco mejor\u00bb,\u00a0cont\u00f3\u00a0su hermana Daiana,\u00a0mientras implora datos para clarificar el hecho. Tamara Rodr\u00edguez, oriunda de la localidad bonaerense de&hellip;<\/p>\n","protected":false},"author":1,"featured_media":0,"comment_status":"open","ping_status":"open","sticky":false,"template":"","format":"standard","meta":{"footnotes":""},"categories":[26],"tags":[1630,30,2499,22107],"class_list":["post-53734","post","type-post","status-publish","format-standard","hentry","category-solidaridad","tag-estacion","tag-policia","tag-same","tag-tamara-rodriguez"],"_links":{"self":[{"href":"https:\/\/www.elsindical.com.ar\/notas\/wp-json\/wp\/v2\/posts\/53734","targetHints":{"allow":["GET"]}}],"collection":[{"href":"https:\/\/www.elsindical.com.ar\/notas\/wp-json\/wp\/v2\/posts"}],"about":[{"href":"https:\/\/www.elsindical.com.ar\/notas\/wp-json\/wp\/v2\/types\/post"}],"author":[{"embeddable":true,"href":"https:\/\/www.elsindical.com.ar\/notas\/wp-json\/wp\/v2\/users\/1"}],"replies":[{"embeddable":true,"href":"https:\/\/www.elsindical.com.ar\/notas\/wp-json\/wp\/v2\/comments?post=53734"}],"version-history":[{"count":1,"href":"https:\/\/www.elsindical.com.ar\/notas\/wp-json\/wp\/v2\/posts\/53734\/revisions"}],"predecessor-version":[{"id":53736,"href":"https:\/\/www.elsindical.com.ar\/notas\/wp-json\/wp\/v2\/posts\/53734\/revisions\/53736"}],"wp:attachment":[{"href":"https:\/\/www.elsindical.com.ar\/notas\/wp-json\/wp\/v2\/media?parent=53734"}],"wp:term":[{"taxonomy":"category","embeddable":true,"href":"https:\/\/www.elsindical.com.ar\/notas\/wp-json\/wp\/v2\/categories?post=53734"},{"taxonomy":"post_tag","embeddable":true,"href":"https:\/\/www.elsindical.com.ar\/notas\/wp-json\/wp\/v2\/tags?post=53734"}],"curies":[{"name":"wp","href":"https:\/\/api.w.org\/{rel}","templated":true}]}}