{"id":53633,"date":"2015-08-28T19:22:06","date_gmt":"2015-08-28T22:22:06","guid":{"rendered":"http:\/\/www.elsindical.com.ar\/notas\/?p=53633"},"modified":"2015-08-28T19:22:06","modified_gmt":"2015-08-28T22:22:06","slug":"alto-avellaneda-shopping-te-invita-a-destruir-tu-auto","status":"publish","type":"post","link":"https:\/\/www.elsindical.com.ar\/notas\/alto-avellaneda-shopping-te-invita-a-destruir-tu-auto\/","title":{"rendered":"Alto Avellaneda Shopping te invita a destruir tu auto"},"content":{"rendered":"<p><a href=\"http:\/\/www.elsindical.com.ar\/notas\/var\/www\/html\/notas\/wp-content\/uploads\/2015\/08\/entrada-principal-Alto-Avellaneda.jpg\"><img loading=\"lazy\" decoding=\"async\" class=\"alignnone size-medium wp-image-53634\" src=\"http:\/\/www.elsindical.com.ar\/notas\/var\/www\/html\/notas\/wp-content\/uploads\/2015\/08\/entrada-principal-Alto-Avellaneda-300x169.jpg\" alt=\"entrada-principal-Alto-Avellaneda\" width=\"300\" height=\"169\" srcset=\"https:\/\/www.elsindical.com.ar\/notas\/var\/www\/html\/notas\/wp-content\/uploads\/2015\/08\/entrada-principal-Alto-Avellaneda-300x169.jpg 300w, https:\/\/www.elsindical.com.ar\/notas\/var\/www\/html\/notas\/wp-content\/uploads\/2015\/08\/entrada-principal-Alto-Avellaneda-500x281.jpg 500w, https:\/\/www.elsindical.com.ar\/notas\/var\/www\/html\/notas\/wp-content\/uploads\/2015\/08\/entrada-principal-Alto-Avellaneda.jpg 738w\" sizes=\"auto, (max-width: 300px) 100vw, 300px\" \/><\/a>\u00a0 El Alto Avellaneda te invita a romper tu auto, con la complicidad del municipio que no controla nada, ahora al salir del shopping te llevas el amortiguador roto.<\/p>\n<p>Con un importante cr\u00e1ter ubicado justo en la salida de la entreda principal al complejo Alto Avellaneda Shopping, pod\u00e9s dejar parte de tu auto, obvio que si sos usuario de una 4&#215;4 solo saldr\u00e1s algo sacudido, pero es para tener muy en cuenta la falta de respeto por el cliente de este lugar parte de una millonaria cadena y grupo econ\u00f3mico.<\/p>\n<p>No hay inversi\u00f3n porque no hay controles de parte del municipio de Avellaneda, tal vez porque el shopping organiza eventos junto al municipio, pero eso no deber\u00eda influir en los controles.<\/p>\n","protected":false},"excerpt":{"rendered":"<p>\u00a0 El Alto Avellaneda te invita a romper tu auto, con la complicidad del municipio que no controla nada, ahora al salir del shopping te llevas el amortiguador roto. Con un importante cr\u00e1ter ubicado justo en la salida de la entreda principal al complejo Alto Avellaneda Shopping, pod\u00e9s dejar parte de tu auto, obvio que&hellip;<\/p>\n","protected":false},"author":1,"featured_media":0,"comment_status":"open","ping_status":"open","sticky":false,"template":"","format":"standard","meta":{"footnotes":""},"categories":[6],"tags":[17841,2436,22083,1718,5144,1412],"class_list":["post-53633","post","type-post","status-publish","format-standard","hentry","category-denuncias","tag-alto-avellaneda","tag-controles","tag-crater","tag-municipio","tag-pozo","tag-shopping"],"_links":{"self":[{"href":"https:\/\/www.elsindical.com.ar\/notas\/wp-json\/wp\/v2\/posts\/53633","targetHints":{"allow":["GET"]}}],"collection":[{"href":"https:\/\/www.elsindical.com.ar\/notas\/wp-json\/wp\/v2\/posts"}],"about":[{"href":"https:\/\/www.elsindical.com.ar\/notas\/wp-json\/wp\/v2\/types\/post"}],"author":[{"embeddable":true,"href":"https:\/\/www.elsindical.com.ar\/notas\/wp-json\/wp\/v2\/users\/1"}],"replies":[{"embeddable":true,"href":"https:\/\/www.elsindical.com.ar\/notas\/wp-json\/wp\/v2\/comments?post=53633"}],"version-history":[{"count":1,"href":"https:\/\/www.elsindical.com.ar\/notas\/wp-json\/wp\/v2\/posts\/53633\/revisions"}],"predecessor-version":[{"id":53635,"href":"https:\/\/www.elsindical.com.ar\/notas\/wp-json\/wp\/v2\/posts\/53633\/revisions\/53635"}],"wp:attachment":[{"href":"https:\/\/www.elsindical.com.ar\/notas\/wp-json\/wp\/v2\/media?parent=53633"}],"wp:term":[{"taxonomy":"category","embeddable":true,"href":"https:\/\/www.elsindical.com.ar\/notas\/wp-json\/wp\/v2\/categories?post=53633"},{"taxonomy":"post_tag","embeddable":true,"href":"https:\/\/www.elsindical.com.ar\/notas\/wp-json\/wp\/v2\/tags?post=53633"}],"curies":[{"name":"wp","href":"https:\/\/api.w.org\/{rel}","templated":true}]}}