{"id":53627,"date":"2015-08-28T17:15:40","date_gmt":"2015-08-28T20:15:40","guid":{"rendered":"http:\/\/www.elsindical.com.ar\/notas\/?p=53627"},"modified":"2015-08-28T17:15:40","modified_gmt":"2015-08-28T20:15:40","slug":"utta-capacito-a-trabajadores-sobre-problematica-de-adicciones-en-el-trabajo","status":"publish","type":"post","link":"https:\/\/www.elsindical.com.ar\/notas\/utta-capacito-a-trabajadores-sobre-problematica-de-adicciones-en-el-trabajo\/","title":{"rendered":"UTTA capacit\u00f3 a trabajadores sobre problem\u00e1tica de adicciones en el trabajo"},"content":{"rendered":"<p><em><a href=\"http:\/\/www.elsindical.com.ar\/notas\/var\/www\/html\/notas\/wp-content\/uploads\/2015\/08\/capacitaci\u00f3n-de-la-UTTA.jpg\"><img loading=\"lazy\" decoding=\"async\" class=\"alignnone size-medium wp-image-53628\" src=\"http:\/\/www.elsindical.com.ar\/notas\/var\/www\/html\/notas\/wp-content\/uploads\/2015\/08\/capacitaci\u00f3n-de-la-UTTA-300x176.jpg\" alt=\"capacitaci\u00f3n-de-la-UTTA\" width=\"300\" height=\"176\" srcset=\"https:\/\/www.elsindical.com.ar\/notas\/var\/www\/html\/notas\/wp-content\/uploads\/2015\/08\/capacitaci\u00f3n-de-la-UTTA-300x176.jpg 300w, https:\/\/www.elsindical.com.ar\/notas\/var\/www\/html\/notas\/wp-content\/uploads\/2015\/08\/capacitaci\u00f3n-de-la-UTTA-500x294.jpg 500w, https:\/\/www.elsindical.com.ar\/notas\/var\/www\/html\/notas\/wp-content\/uploads\/2015\/08\/capacitaci\u00f3n-de-la-UTTA.jpg 531w\" sizes=\"auto, (max-width: 300px) 100vw, 300px\" \/><\/a>\u00a0 Las jornadas de formaci\u00f3n tuvieron lugar en la localidad cordobesa de Villa Mar\u00eda, con participaci\u00f3n de capacitadores de la CoPreAd, organismo dependiente del ministerio de Trabajo.<\/em><\/p>\n<p>Durante el 24 y 25 de agosto, la Uni\u00f3n de Trabajadores del Turf y Afines (UTTA) ofreci\u00f3 a los trabajadores del sector el segundo curso de \u201cCapacitaci\u00f3n de Formadores\u201d en la ciudad cordobesa de Villa Mar\u00eda, con el objetivo de brindar herramientas que les permitan reconocer y manejar la problem\u00e1tica de las adicciones en el \u00e1mbito laboral.<\/p>\n<p>La capacitaci\u00f3n se desarroll\u00f3 gracias al soporte brindado por los expertos que integran la Coordinaci\u00f3n de Pol\u00edticas de Prevenci\u00f3n de Adicciones y del Consumo de Sustancias Psicotr\u00f3picas y Drogas con Impacto en el Mundo del Trabajo (CoPreAd), dependiente del Ministerio de Trabajo de la Naci\u00f3n, organismo con el que UTTA trabaja en forma coordinada en diferentes l\u00edneas de acci\u00f3n.<\/p>\n<p>Durante dos d\u00edas, compa\u00f1eros de la delegaci\u00f3n de UTTA Villa Mar\u00eda y representantes del Jockey Club de esta ciudad, participaron de actividades y talleres grupales en los que se fortalecieron los conocimientos sobre las formas de abordar el tema de las adicciones desde una mirada sociol\u00f3gica y laboral.<\/p>\n<p>La titular de CoPreAd, Lucia Blanco, expres\u00f3 que \u201cesta clase de cursos sirve para generar capacitadores y que puedan replicar estos conocimientos al resto de sus compa\u00f1eros trabajadores para escucharlos y acercarle posibilidades para acceder a las mejores soluciones\u201d.<\/p>\n<p>Por su parte, Carlos Felice, secretario general de UTTA, agradeci\u00f3 a la Coordinaci\u00f3n que conduce el Ministro de Trabajo, Carlos Tomada, y a la solvencia de los profesionales capacitadores. Entre los trabajadores del turf, las adicciones a las drogas y al alcohol fueron identificadas como una problem\u00e1tica que afecta el desempe\u00f1o laboral y la calidad de vida de numerosos compa\u00f1eros.<\/p>\n<p>Asimismo, es sabido que el abordaje de estas situaciones se ve muchas veces obstaculizado por la falta de informaci\u00f3n sobre el tema y el desconocimiento sobre las alternativas para ayudar a la persona afectada. Es por ello que, en el marco del Programa de Capacitaci\u00f3n para la Industria H\u00edpica creado por la actual gesti\u00f3n en 2012, UTTA decidi\u00f3 ofrecer a los trabajadores nuevas herramientas formativas.<\/p>\n","protected":false},"excerpt":{"rendered":"<p>\u00a0 Las jornadas de formaci\u00f3n tuvieron lugar en la localidad cordobesa de Villa Mar\u00eda, con participaci\u00f3n de capacitadores de la CoPreAd, organismo dependiente del ministerio de Trabajo. Durante el 24 y 25 de agosto, la Uni\u00f3n de Trabajadores del Turf y Afines (UTTA) ofreci\u00f3 a los trabajadores del sector el segundo curso de \u201cCapacitaci\u00f3n de&hellip;<\/p>\n","protected":false},"author":1,"featured_media":0,"comment_status":"open","ping_status":"open","sticky":false,"template":"","format":"standard","meta":{"footnotes":""},"categories":[16],"tags":[107,7659,22082,22081],"class_list":["post-53627","post","type-post","status-publish","format-standard","hentry","category-gremiales","tag-adicciones","tag-capacitacion-2","tag-copread","tag-utta"],"_links":{"self":[{"href":"https:\/\/www.elsindical.com.ar\/notas\/wp-json\/wp\/v2\/posts\/53627","targetHints":{"allow":["GET"]}}],"collection":[{"href":"https:\/\/www.elsindical.com.ar\/notas\/wp-json\/wp\/v2\/posts"}],"about":[{"href":"https:\/\/www.elsindical.com.ar\/notas\/wp-json\/wp\/v2\/types\/post"}],"author":[{"embeddable":true,"href":"https:\/\/www.elsindical.com.ar\/notas\/wp-json\/wp\/v2\/users\/1"}],"replies":[{"embeddable":true,"href":"https:\/\/www.elsindical.com.ar\/notas\/wp-json\/wp\/v2\/comments?post=53627"}],"version-history":[{"count":1,"href":"https:\/\/www.elsindical.com.ar\/notas\/wp-json\/wp\/v2\/posts\/53627\/revisions"}],"predecessor-version":[{"id":53629,"href":"https:\/\/www.elsindical.com.ar\/notas\/wp-json\/wp\/v2\/posts\/53627\/revisions\/53629"}],"wp:attachment":[{"href":"https:\/\/www.elsindical.com.ar\/notas\/wp-json\/wp\/v2\/media?parent=53627"}],"wp:term":[{"taxonomy":"category","embeddable":true,"href":"https:\/\/www.elsindical.com.ar\/notas\/wp-json\/wp\/v2\/categories?post=53627"},{"taxonomy":"post_tag","embeddable":true,"href":"https:\/\/www.elsindical.com.ar\/notas\/wp-json\/wp\/v2\/tags?post=53627"}],"curies":[{"name":"wp","href":"https:\/\/api.w.org\/{rel}","templated":true}]}}