{"id":53560,"date":"2015-08-26T01:19:36","date_gmt":"2015-08-26T04:19:36","guid":{"rendered":"http:\/\/www.elsindical.com.ar\/notas\/?p=53560"},"modified":"2015-08-26T01:19:36","modified_gmt":"2015-08-26T04:19:36","slug":"es-verdad-clarin-miente","status":"publish","type":"post","link":"https:\/\/www.elsindical.com.ar\/notas\/es-verdad-clarin-miente\/","title":{"rendered":"Es verdad, Clar\u00edn miente"},"content":{"rendered":"<p><a href=\"http:\/\/www.elsindical.com.ar\/notas\/var\/www\/html\/notas\/wp-content\/uploads\/2014\/12\/Grupo-Clarin-logo.jpg\"><img loading=\"lazy\" decoding=\"async\" class=\"alignnone size-medium wp-image-47788\" src=\"http:\/\/www.elsindical.com.ar\/notas\/var\/www\/html\/notas\/wp-content\/uploads\/2014\/12\/Grupo-Clarin-logo-300x266.jpg\" alt=\"Grupo-Clarin-logo\" width=\"300\" height=\"266\" srcset=\"https:\/\/www.elsindical.com.ar\/notas\/var\/www\/html\/notas\/wp-content\/uploads\/2014\/12\/Grupo-Clarin-logo-300x266.jpg 300w, https:\/\/www.elsindical.com.ar\/notas\/var\/www\/html\/notas\/wp-content\/uploads\/2014\/12\/Grupo-Clarin-logo.jpg 325w\" sizes=\"auto, (max-width: 300px) 100vw, 300px\" \/><\/a>\u00a0 Podemos afirmar que Clar\u00edn \u00abEl Gran Diario Argentino\u00bb miente, en referencia al grave accidente ocurrido en el Teatro Municipal Roma, la redactora Silvia G\u00f3mez (que as\u00ed va por el mal camino) se puso en contacto con varios medios buscando una foto de lo ocurrido y termin\u00f3 llamando al Diario El Sindical, el \u00fanico medio que estuvo en el lugar, no como otros que reproducen lo que les env\u00edan.<\/p>\n<p>Porque para ser un medio cre\u00edble a los lectores hay que estar donde pasan las noticias, hay que investigar y participar, fu\u00edmos al teatro, fu\u00edmos al hospital y entrevistamos a la esposa del empleado municipal accidentado.<\/p>\n<p>Nos solicitaron como gentileza el env\u00edo de las fotos que ten\u00edamos y que poner en los cr\u00e9ditos, el resultado, publicaron la foto y citaron a otro medio, si as\u00ed informan, la verdad, uno empieza a dudar.<\/p>\n<p><a href=\"http:\/\/www.elsindical.com.ar\/notas\/var\/www\/html\/notas\/wp-content\/uploads\/2015\/08\/mail-pedido-fotos-Clar\u00edn.jpg\"><img loading=\"lazy\" decoding=\"async\" class=\"alignnone size-medium wp-image-53561\" src=\"http:\/\/www.elsindical.com.ar\/notas\/var\/www\/html\/notas\/wp-content\/uploads\/2015\/08\/mail-pedido-fotos-Clar\u00edn-300x124.jpg\" alt=\"mail-pedido-fotos-Clar\u00edn\" width=\"300\" height=\"124\" srcset=\"https:\/\/www.elsindical.com.ar\/notas\/var\/www\/html\/notas\/wp-content\/uploads\/2015\/08\/mail-pedido-fotos-Clar\u00edn-300x124.jpg 300w, https:\/\/www.elsindical.com.ar\/notas\/var\/www\/html\/notas\/wp-content\/uploads\/2015\/08\/mail-pedido-fotos-Clar\u00edn-500x207.jpg 500w, https:\/\/www.elsindical.com.ar\/notas\/var\/www\/html\/notas\/wp-content\/uploads\/2015\/08\/mail-pedido-fotos-Clar\u00edn.jpg 738w\" sizes=\"auto, (max-width: 300px) 100vw, 300px\" \/><\/a><\/p>\n","protected":false},"excerpt":{"rendered":"<p>\u00a0 Podemos afirmar que Clar\u00edn \u00abEl Gran Diario Argentino\u00bb miente, en referencia al grave accidente ocurrido en el Teatro Municipal Roma, la redactora Silvia G\u00f3mez (que as\u00ed va por el mal camino) se puso en contacto con varios medios buscando una foto de lo ocurrido y termin\u00f3 llamando al Diario El Sindical, el \u00fanico medio&hellip;<\/p>\n","protected":false},"author":1,"featured_media":0,"comment_status":"open","ping_status":"open","sticky":false,"template":"","format":"standard","meta":{"footnotes":""},"categories":[6],"tags":[461,70,51,3251,22072,22073],"class_list":["post-53560","post","type-post","status-publish","format-standard","hentry","category-denuncias","tag-avellaneda","tag-clarin","tag-diario","tag-el-sindical","tag-silvia-gomez","tag-teatro-municipal-roma"],"_links":{"self":[{"href":"https:\/\/www.elsindical.com.ar\/notas\/wp-json\/wp\/v2\/posts\/53560","targetHints":{"allow":["GET"]}}],"collection":[{"href":"https:\/\/www.elsindical.com.ar\/notas\/wp-json\/wp\/v2\/posts"}],"about":[{"href":"https:\/\/www.elsindical.com.ar\/notas\/wp-json\/wp\/v2\/types\/post"}],"author":[{"embeddable":true,"href":"https:\/\/www.elsindical.com.ar\/notas\/wp-json\/wp\/v2\/users\/1"}],"replies":[{"embeddable":true,"href":"https:\/\/www.elsindical.com.ar\/notas\/wp-json\/wp\/v2\/comments?post=53560"}],"version-history":[{"count":1,"href":"https:\/\/www.elsindical.com.ar\/notas\/wp-json\/wp\/v2\/posts\/53560\/revisions"}],"predecessor-version":[{"id":53562,"href":"https:\/\/www.elsindical.com.ar\/notas\/wp-json\/wp\/v2\/posts\/53560\/revisions\/53562"}],"wp:attachment":[{"href":"https:\/\/www.elsindical.com.ar\/notas\/wp-json\/wp\/v2\/media?parent=53560"}],"wp:term":[{"taxonomy":"category","embeddable":true,"href":"https:\/\/www.elsindical.com.ar\/notas\/wp-json\/wp\/v2\/categories?post=53560"},{"taxonomy":"post_tag","embeddable":true,"href":"https:\/\/www.elsindical.com.ar\/notas\/wp-json\/wp\/v2\/tags?post=53560"}],"curies":[{"name":"wp","href":"https:\/\/api.w.org\/{rel}","templated":true}]}}